{"id":2388,"date":"2025-03-05T09:56:50","date_gmt":"2025-03-05T08:56:50","guid":{"rendered":"https:\/\/cinemascotte.fr\/?p=2388"},"modified":"2025-03-05T09:56:50","modified_gmt":"2025-03-05T08:56:50","slug":"je-suis-toujours-la","status":"publish","type":"post","link":"https:\/\/cinemascotte.fr\/?p=2388","title":{"rendered":"Je suis toujours l\u00e0"},"content":{"rendered":"\n<p class=\"has-text-color has-link-color wp-elements-538930b6b8e792a5c2acc3136b378f52\" style=\"color:#192aaa;font-size:18px\">Samedi 29 mars 2025 \u00e0 20h30 (Soir\u00e9e \u00ab\u00a0Familles\u00a0\u00bb)<\/p>\n\n\n\n<p>de <strong>Walter Salles<\/strong>, drame, thriller, Br\u00e9sil, 2024, 2h15, VOSTF<br>avec Fernanda Torres, Selton Mello, Fernanda Montenegro, Maeve Jinkings<\/p>\n\n\n<div class=\"wp-block-image\">\n<figure class=\"alignleft size-full is-resized\"><img loading=\"lazy\" decoding=\"async\" width=\"1200\" height=\"1600\" src=\"https:\/\/cinemascotte.fr\/wp-content\/uploads\/2025\/02\/je-suis-toujours-la-289.webp\" alt=\"\" class=\"wp-image-2363\" style=\"width:265px;height:auto\" srcset=\"https:\/\/cinemascotte.fr\/wp-content\/uploads\/2025\/02\/je-suis-toujours-la-289.webp 1200w, https:\/\/cinemascotte.fr\/wp-content\/uploads\/2025\/02\/je-suis-toujours-la-289-225x300.webp 225w, https:\/\/cinemascotte.fr\/wp-content\/uploads\/2025\/02\/je-suis-toujours-la-289-768x1024.webp 768w, https:\/\/cinemascotte.fr\/wp-content\/uploads\/2025\/02\/je-suis-toujours-la-289-1152x1536.webp 1152w, https:\/\/cinemascotte.fr\/wp-content\/uploads\/2025\/02\/je-suis-toujours-la-289-87x116.webp 87w\" sizes=\"auto, (max-width: 709px) 85vw, (max-width: 909px) 67vw, (max-width: 1362px) 62vw, 840px\" \/><\/figure>\n<\/div>\n\n\n<p class=\"has-drop-cap\">Rio 1971, tout commence par une sc\u00e8ne idyllique,sur fond de samba, des enfants jouent sur la plage de Copacabana. Une sorte de Paradis terrestre o\u00f9 vit, insouciante, prosp\u00e8re, la famille de Rubens Paiva. Ancien d\u00e9put\u00e9 de gauche retir\u00e9 de la vie politique, Rubens est entour\u00e9 de son \u00e9pouse Eunice, et de ses quatre enfants.<br>La vie de la famille bascule le jour o\u00f9 des hommes en armes font irruption dans la maison, embarquent Rubens vers une caserne militaire. La police militaire arr\u00eate ensuite sa femme et leur fille Eliana, laquelle est lib\u00e9r\u00e9e d\u00e8s le lendemain. Le film nous fait partager le combat acharn\u00e9 d\u2019Eunice pour obtenir des nouvelles, puis justice, apr\u00e8s la disparition injustifi\u00e9e et injustifiable de son mari.<\/p>\n\n\n\n<p class=\"has-text-color has-link-color wp-elements-ea9509cd7b18adc373c27645d3a6d66b\" style=\"color:#1a00cc\"><em><strong>Walter Salles<\/strong> livre peut-\u00eatre son meilleur film avec \u00ab Je suis toujours l\u00e0 \u00bb grand film politique et historique sur l\u2019importance de la transmission et de la m\u00e9moire.<\/em><\/p>\n","protected":false},"excerpt":{"rendered":"<p>Samedi 29 mars 2025 \u00e0 20h30 (Soir\u00e9e \u00ab\u00a0Familles\u00a0\u00bb) de Walter Salles, drame, thriller, Br\u00e9sil, 2024, 2h15, VOSTFavec Fernanda Torres, Selton Mello, Fernanda Montenegro, Maeve Jinkings Rio 1971, tout commence par une sc\u00e8ne idyllique,sur fond de samba, des enfants jouent sur la plage de Copacabana. Une sorte de Paradis terrestre o\u00f9 vit, insouciante, prosp\u00e8re, la famille &hellip; <a href=\"https:\/\/cinemascotte.fr\/?p=2388\" class=\"more-link\">Continuer la lecture<span class=\"screen-reader-text\"> de &laquo;&nbsp;Je suis toujours l\u00e0&nbsp;&raquo;<\/span><\/a><\/p>\n","protected":false},"author":3,"featured_media":0,"comment_status":"closed","ping_status":"closed","sticky":false,"template":"","format":"standard","meta":{"footnotes":""},"categories":[20],"tags":[],"class_list":["post-2388","post","type-post","status-publish","format-standard","hentry","category-du-12-mars-au-27-avril-2025"],"_links":{"self":[{"href":"https:\/\/cinemascotte.fr\/index.php?rest_route=\/wp\/v2\/posts\/2388","targetHints":{"allow":["GET"]}}],"collection":[{"href":"https:\/\/cinemascotte.fr\/index.php?rest_route=\/wp\/v2\/posts"}],"about":[{"href":"https:\/\/cinemascotte.fr\/index.php?rest_route=\/wp\/v2\/types\/post"}],"author":[{"embeddable":true,"href":"https:\/\/cinemascotte.fr\/index.php?rest_route=\/wp\/v2\/users\/3"}],"replies":[{"embeddable":true,"href":"https:\/\/cinemascotte.fr\/index.php?rest_route=%2Fwp%2Fv2%2Fcomments&post=2388"}],"version-history":[{"count":2,"href":"https:\/\/cinemascotte.fr\/index.php?rest_route=\/wp\/v2\/posts\/2388\/revisions"}],"predecessor-version":[{"id":2390,"href":"https:\/\/cinemascotte.fr\/index.php?rest_route=\/wp\/v2\/posts\/2388\/revisions\/2390"}],"wp:attachment":[{"href":"https:\/\/cinemascotte.fr\/index.php?rest_route=%2Fwp%2Fv2%2Fmedia&parent=2388"}],"wp:term":[{"taxonomy":"category","embeddable":true,"href":"https:\/\/cinemascotte.fr\/index.php?rest_route=%2Fwp%2Fv2%2Fcategories&post=2388"},{"taxonomy":"post_tag","embeddable":true,"href":"https:\/\/cinemascotte.fr\/index.php?rest_route=%2Fwp%2Fv2%2Ftags&post=2388"}],"curies":[{"name":"wp","href":"https:\/\/api.w.org\/{rel}","templated":true}]}}