{"id":2319,"date":"2024-12-24T15:41:34","date_gmt":"2024-12-24T14:41:34","guid":{"rendered":"https:\/\/cinemascotte.fr\/?p=2319"},"modified":"2024-12-24T15:41:34","modified_gmt":"2024-12-24T14:41:34","slug":"leurs-enfants-apres-eux","status":"publish","type":"post","link":"https:\/\/cinemascotte.fr\/?p=2319","title":{"rendered":"Leurs enfants apr\u00e8s eux"},"content":{"rendered":"\n<p class=\"has-text-color has-link-color wp-elements-49bef1f37505a0d4aba31981c8efd65c\" style=\"color:#192aaa;font-size:18px\">Mercredi 26 f\u00e9vrier 2025 \u00e0 20h30 et dimanche 2 mars \u00e0 18h00<\/p>\n\n\n\n<p>de <strong>Ludovic Boukherma et Zoran Boukherma<\/strong>, com\u00e9die dramatique, France, 2024, 2h16<br><em>d\u2019apr\u00e8s le roman \u00e9ponyme de Nicolas Mathieu (Prix Goncourt 2018)<\/em><br>avec Angelina Woreth, Sayyid El Alami et <strong>Paul Kircher, prix du meilleur espoir<\/strong> <strong>de la Mostra de Venise 2024.<\/strong><\/p>\n\n\n<div class=\"wp-block-image\">\n<figure class=\"alignleft size-full is-resized\"><img loading=\"lazy\" decoding=\"async\" width=\"1200\" height=\"1600\" src=\"https:\/\/cinemascotte.fr\/wp-content\/uploads\/2024\/12\/ec9d428026d3f05cddf9a749512008df.webp\" alt=\"\" class=\"wp-image-2301\" style=\"width:265px;height:auto\" srcset=\"https:\/\/cinemascotte.fr\/wp-content\/uploads\/2024\/12\/ec9d428026d3f05cddf9a749512008df.webp 1200w, https:\/\/cinemascotte.fr\/wp-content\/uploads\/2024\/12\/ec9d428026d3f05cddf9a749512008df-225x300.webp 225w, https:\/\/cinemascotte.fr\/wp-content\/uploads\/2024\/12\/ec9d428026d3f05cddf9a749512008df-768x1024.webp 768w, https:\/\/cinemascotte.fr\/wp-content\/uploads\/2024\/12\/ec9d428026d3f05cddf9a749512008df-1152x1536.webp 1152w, https:\/\/cinemascotte.fr\/wp-content\/uploads\/2024\/12\/ec9d428026d3f05cddf9a749512008df-87x116.webp 87w\" sizes=\"auto, (max-width: 709px) 85vw, (max-width: 909px) 67vw, (max-width: 1362px) 62vw, 840px\" \/><\/figure>\n<\/div>\n\n\n<p class=\"has-drop-cap\">Ao\u00fbt 92. Une vall\u00e9e perdue dans l\u2019Est, des hauts fourneaux qui ne br\u00fblent plus. Anthony, quatorze ans, s\u2019ennuie ferme. Un apr\u00e8s-midi de canicule au bord du lac, il rencontre St\u00e9phanie. Le coup de foudre est tel que le soir m\u00eame, il emprunte secr\u00e8tement la moto de son p\u00e8re pour se rendre \u00e0 une soir\u00e9e o\u00f9 il esp\u00e8re la retrouver. Lorsque le lendemain matin, il s\u2019aper\u00e7oit que la moto a disparu, sa vie bascule.<\/p>\n\n\n\n<p class=\"has-text-color has-link-color wp-elements-ed67b1b52c99ea15c3cd59a5976abe56\" style=\"color:#1a00cc\"><em>Port\u00e9 par deux acteurs de la nouvelle g\u00e9n\u00e9ration, Paul Kircher \u00ab Le r\u00e8gne animal \u00bb et Angelina Woreth \u00ab Ma vie, ma gueule \u00bb, ce film s\u2019inscrit dans la lign\u00e9e de                  \u00ab L\u2019amour ouf \u00bb autre grande fresque g\u00e9n\u00e9rationnelle sortie en 2024.<\/em><\/p>\n","protected":false},"excerpt":{"rendered":"<p>Mercredi 26 f\u00e9vrier 2025 \u00e0 20h30 et dimanche 2 mars \u00e0 18h00 de Ludovic Boukherma et Zoran Boukherma, com\u00e9die dramatique, France, 2024, 2h16d\u2019apr\u00e8s le roman \u00e9ponyme de Nicolas Mathieu (Prix Goncourt 2018)avec Angelina Woreth, Sayyid El Alami et Paul Kircher, prix du meilleur espoir de la Mostra de Venise 2024. Ao\u00fbt 92. Une vall\u00e9e perdue &hellip; <a href=\"https:\/\/cinemascotte.fr\/?p=2319\" class=\"more-link\">Continuer la lecture<span class=\"screen-reader-text\"> de &laquo;&nbsp;Leurs enfants apr\u00e8s eux&nbsp;&raquo;<\/span><\/a><\/p>\n","protected":false},"author":3,"featured_media":0,"comment_status":"closed","ping_status":"closed","sticky":false,"template":"","format":"standard","meta":{"footnotes":""},"categories":[18],"tags":[],"class_list":["post-2319","post","type-post","status-publish","format-standard","hentry","category-du-2-janvier-au-2-mars-2025"],"_links":{"self":[{"href":"https:\/\/cinemascotte.fr\/index.php?rest_route=\/wp\/v2\/posts\/2319","targetHints":{"allow":["GET"]}}],"collection":[{"href":"https:\/\/cinemascotte.fr\/index.php?rest_route=\/wp\/v2\/posts"}],"about":[{"href":"https:\/\/cinemascotte.fr\/index.php?rest_route=\/wp\/v2\/types\/post"}],"author":[{"embeddable":true,"href":"https:\/\/cinemascotte.fr\/index.php?rest_route=\/wp\/v2\/users\/3"}],"replies":[{"embeddable":true,"href":"https:\/\/cinemascotte.fr\/index.php?rest_route=%2Fwp%2Fv2%2Fcomments&post=2319"}],"version-history":[{"count":1,"href":"https:\/\/cinemascotte.fr\/index.php?rest_route=\/wp\/v2\/posts\/2319\/revisions"}],"predecessor-version":[{"id":2320,"href":"https:\/\/cinemascotte.fr\/index.php?rest_route=\/wp\/v2\/posts\/2319\/revisions\/2320"}],"wp:attachment":[{"href":"https:\/\/cinemascotte.fr\/index.php?rest_route=%2Fwp%2Fv2%2Fmedia&parent=2319"}],"wp:term":[{"taxonomy":"category","embeddable":true,"href":"https:\/\/cinemascotte.fr\/index.php?rest_route=%2Fwp%2Fv2%2Fcategories&post=2319"},{"taxonomy":"post_tag","embeddable":true,"href":"https:\/\/cinemascotte.fr\/index.php?rest_route=%2Fwp%2Fv2%2Ftags&post=2319"}],"curies":[{"name":"wp","href":"https:\/\/api.w.org\/{rel}","templated":true}]}}