{"id":2317,"date":"2024-12-24T15:42:33","date_gmt":"2024-12-24T14:42:33","guid":{"rendered":"https:\/\/cinemascotte.fr\/?p=2317"},"modified":"2024-12-24T15:42:33","modified_gmt":"2024-12-24T14:42:33","slug":"une-part-manquante","status":"publish","type":"post","link":"https:\/\/cinemascotte.fr\/?p=2317","title":{"rendered":"Une part manquante"},"content":{"rendered":"\n<p class=\"has-text-color has-link-color wp-elements-e5622deef724172b988fb07e0e69331b\" style=\"color:#192aaa;font-size:18px\">Mercredi 12 f\u00e9vrier 2025 \u00e0 20h30 et dimanche 16 f\u00e9vrier \u00e0 18h00<\/p>\n\n\n\n<p>de <strong>Guillaume Senez<\/strong>, drame, France,Belgique, Japon, 2024, 1h38<br>avec Romain Duris,Judith Chemla<\/p>\n\n\n<div class=\"wp-block-image\">\n<figure class=\"alignleft size-full is-resized\"><img loading=\"lazy\" decoding=\"async\" width=\"1067\" height=\"1451\" src=\"https:\/\/cinemascotte.fr\/wp-content\/uploads\/2024\/12\/une_part_manquante.webp\" alt=\"\" class=\"wp-image-2300\" style=\"width:265px;height:auto\" srcset=\"https:\/\/cinemascotte.fr\/wp-content\/uploads\/2024\/12\/une_part_manquante.webp 1067w, https:\/\/cinemascotte.fr\/wp-content\/uploads\/2024\/12\/une_part_manquante-221x300.webp 221w, https:\/\/cinemascotte.fr\/wp-content\/uploads\/2024\/12\/une_part_manquante-753x1024.webp 753w, https:\/\/cinemascotte.fr\/wp-content\/uploads\/2024\/12\/une_part_manquante-768x1044.webp 768w, https:\/\/cinemascotte.fr\/wp-content\/uploads\/2024\/12\/une_part_manquante-85x116.webp 85w\" sizes=\"auto, (max-width: 709px) 85vw, (max-width: 909px) 67vw, (max-width: 1362px) 62vw, 840px\" \/><\/figure>\n<\/div>\n\n\n<p class=\"has-drop-cap\">Tous les jours, Jay parcourt Tokyo au volant de son taxi \u00e0 la recherche de sa fille, Lily. S\u00e9par\u00e9 depuis 9 ans, il n\u2019a jamais pu obtenir sa garde. Alors qu\u2019il a cess\u00e9 d\u2019esp\u00e9rer la revoir et qu\u2019il s\u2019appr\u00eate \u00e0 rentrer en France, Lily entre dans son taxi\u2026<\/p>\n\n\n\n<p class=\"has-text-color has-link-color wp-elements-af3fc7054029db879ab698f05fc4ec21\" style=\"color:#1a00cc\"><em>Inspir\u00e9 de faits r\u00e9els, \u00ab\u00a0<strong>Une part manquante<\/strong>\u00a0\u00bb aurait pu prendre la forme d&rsquo;un documentaire ou d&rsquo;un film-dossier. <strong>Guillaume Senez<\/strong> fait le contraire. Dans ce sujet satur\u00e9 d&rsquo;affect, il trouve une nouvelle fois l&rsquo;occasion d&rsquo;une plong\u00e9e sensible dans la paternit\u00e9 contemporaine (Positif).<br>Un tr\u00e8s beau film sur l&rsquo;errance urbaine et la d\u00e9termination, port\u00e9 par Romain Duris, bouleversant dans ce r\u00f4le de p\u00e8re courage (Elle).<\/em><\/p>\n","protected":false},"excerpt":{"rendered":"<p>Mercredi 12 f\u00e9vrier 2025 \u00e0 20h30 et dimanche 16 f\u00e9vrier \u00e0 18h00 de Guillaume Senez, drame, France,Belgique, Japon, 2024, 1h38avec Romain Duris,Judith Chemla Tous les jours, Jay parcourt Tokyo au volant de son taxi \u00e0 la recherche de sa fille, Lily. S\u00e9par\u00e9 depuis 9 ans, il n\u2019a jamais pu obtenir sa garde. Alors qu\u2019il a &hellip; <a href=\"https:\/\/cinemascotte.fr\/?p=2317\" class=\"more-link\">Continuer la lecture<span class=\"screen-reader-text\"> de &laquo;&nbsp;Une part manquante&nbsp;&raquo;<\/span><\/a><\/p>\n","protected":false},"author":3,"featured_media":0,"comment_status":"closed","ping_status":"closed","sticky":false,"template":"","format":"standard","meta":{"footnotes":""},"categories":[18],"tags":[],"class_list":["post-2317","post","type-post","status-publish","format-standard","hentry","category-du-2-janvier-au-2-mars-2025"],"_links":{"self":[{"href":"https:\/\/cinemascotte.fr\/index.php?rest_route=\/wp\/v2\/posts\/2317","targetHints":{"allow":["GET"]}}],"collection":[{"href":"https:\/\/cinemascotte.fr\/index.php?rest_route=\/wp\/v2\/posts"}],"about":[{"href":"https:\/\/cinemascotte.fr\/index.php?rest_route=\/wp\/v2\/types\/post"}],"author":[{"embeddable":true,"href":"https:\/\/cinemascotte.fr\/index.php?rest_route=\/wp\/v2\/users\/3"}],"replies":[{"embeddable":true,"href":"https:\/\/cinemascotte.fr\/index.php?rest_route=%2Fwp%2Fv2%2Fcomments&post=2317"}],"version-history":[{"count":1,"href":"https:\/\/cinemascotte.fr\/index.php?rest_route=\/wp\/v2\/posts\/2317\/revisions"}],"predecessor-version":[{"id":2318,"href":"https:\/\/cinemascotte.fr\/index.php?rest_route=\/wp\/v2\/posts\/2317\/revisions\/2318"}],"wp:attachment":[{"href":"https:\/\/cinemascotte.fr\/index.php?rest_route=%2Fwp%2Fv2%2Fmedia&parent=2317"}],"wp:term":[{"taxonomy":"category","embeddable":true,"href":"https:\/\/cinemascotte.fr\/index.php?rest_route=%2Fwp%2Fv2%2Fcategories&post=2317"},{"taxonomy":"post_tag","embeddable":true,"href":"https:\/\/cinemascotte.fr\/index.php?rest_route=%2Fwp%2Fv2%2Ftags&post=2317"}],"curies":[{"name":"wp","href":"https:\/\/api.w.org\/{rel}","templated":true}]}}