{"id":2313,"date":"2024-12-24T15:44:36","date_gmt":"2024-12-24T14:44:36","guid":{"rendered":"https:\/\/cinemascotte.fr\/?p=2313"},"modified":"2024-12-24T15:44:36","modified_gmt":"2024-12-24T14:44:36","slug":"a-son-image","status":"publish","type":"post","link":"https:\/\/cinemascotte.fr\/?p=2313","title":{"rendered":"\u00c0 son image"},"content":{"rendered":"\n<p class=\"has-text-color has-link-color wp-elements-a22d3e7d497981a15ddd9233ccef4115\" style=\"color:#192aaa;font-size:18px\">Soir\u00e9e corse: \u00e0 21h00<\/p>\n\n\n\n<p>de <strong>Thierry de Peretti<\/strong>, drame, France, 1h53,<br>avec Clara-Maria Laredo, Marc&rsquo;Antonu Mozziconacci, Louis Starace<br><em>Adaptation du roman \u00e9ponyme de J\u00e9r\u00f4me Ferrari<\/em><\/p>\n\n\n<div class=\"wp-block-image\">\n<figure class=\"alignleft size-full is-resized\"><img loading=\"lazy\" decoding=\"async\" width=\"342\" height=\"468\" src=\"https:\/\/cinemascotte.fr\/wp-content\/uploads\/2024\/12\/Capture-decran-du-2024-11-25-15-12-52.png\" alt=\"\" class=\"wp-image-2298\" style=\"width:265px;height:auto\" srcset=\"https:\/\/cinemascotte.fr\/wp-content\/uploads\/2024\/12\/Capture-decran-du-2024-11-25-15-12-52.png 342w, https:\/\/cinemascotte.fr\/wp-content\/uploads\/2024\/12\/Capture-decran-du-2024-11-25-15-12-52-219x300.png 219w, https:\/\/cinemascotte.fr\/wp-content\/uploads\/2024\/12\/Capture-decran-du-2024-11-25-15-12-52-85x116.png 85w\" sizes=\"auto, (max-width: 342px) 85vw, 342px\" \/><\/figure>\n<\/div>\n\n\n<p class=\"has-drop-cap\">Fragments de la vie d\u2019Antonia, jeune photographe de Corse-Matin \u00e0 Ajaccio. Son engagement, ses amis, ses amours, se m\u00e9langent aux grands \u00e9v\u00e9nements de l\u2019histoire politique de l\u2019\u00eele, des ann\u00e9es 1980 \u00e0 l\u2019aube du XXI\u00e8me si\u00e8cle. C\u2019est la fresque d\u2019une g\u00e9n\u00e9ration.<\/p>\n\n\n\n<p class=\"has-text-color has-link-color wp-elements-e62ed3327a836745ef45eb8d04b8e871\" style=\"color:#1a00cc\"><em>\u00ab \u00c0 son image \u00bb est une chronique politique, mais cette fois \u00e0 partir du point de vue f\u00e9minin. Cette h\u00e9ro\u00efne est incarn\u00e9e par Clara-Maria Laredo, 20 ans, dont c\u2019est le tout premier r\u00f4le au cin\u00e9ma. Elle impressionne dans ce personnage qu\u2019elle doit faire \u00e9voluer au fil des ann\u00e9es.<br>On retrouve les ingr\u00e9dients qui avaient d\u00e9j\u00e0 fait la r\u00e9ussite des pr\u00e9c\u00e9dents films de Thierry de Peretti : un sc\u00e9nario soign\u00e9, une intrigue haletante, et une mise en sc\u00e8ne ample. Dans \u00ab \u00c0 son image \u00bb il y a de la trag\u00e9die, de la tension, de la violence, auxquelles le sc\u00e9nariste et r\u00e9alisateur a adjoint l\u2019univers de la photographie et du journalisme, et la Corse. (Brigitte Baronnet)<\/em><\/p>\n","protected":false},"excerpt":{"rendered":"<p>Soir\u00e9e corse: \u00e0 21h00 de Thierry de Peretti, drame, France, 1h53,avec Clara-Maria Laredo, Marc&rsquo;Antonu Mozziconacci, Louis StaraceAdaptation du roman \u00e9ponyme de J\u00e9r\u00f4me Ferrari Fragments de la vie d\u2019Antonia, jeune photographe de Corse-Matin \u00e0 Ajaccio. Son engagement, ses amis, ses amours, se m\u00e9langent aux grands \u00e9v\u00e9nements de l\u2019histoire politique de l\u2019\u00eele, des ann\u00e9es 1980 \u00e0 l\u2019aube &hellip; <a href=\"https:\/\/cinemascotte.fr\/?p=2313\" class=\"more-link\">Continuer la lecture<span class=\"screen-reader-text\"> de &laquo;&nbsp;\u00c0 son image&nbsp;&raquo;<\/span><\/a><\/p>\n","protected":false},"author":3,"featured_media":0,"comment_status":"closed","ping_status":"closed","sticky":false,"template":"","format":"standard","meta":{"footnotes":""},"categories":[18],"tags":[],"class_list":["post-2313","post","type-post","status-publish","format-standard","hentry","category-du-2-janvier-au-2-mars-2025"],"_links":{"self":[{"href":"https:\/\/cinemascotte.fr\/index.php?rest_route=\/wp\/v2\/posts\/2313","targetHints":{"allow":["GET"]}}],"collection":[{"href":"https:\/\/cinemascotte.fr\/index.php?rest_route=\/wp\/v2\/posts"}],"about":[{"href":"https:\/\/cinemascotte.fr\/index.php?rest_route=\/wp\/v2\/types\/post"}],"author":[{"embeddable":true,"href":"https:\/\/cinemascotte.fr\/index.php?rest_route=\/wp\/v2\/users\/3"}],"replies":[{"embeddable":true,"href":"https:\/\/cinemascotte.fr\/index.php?rest_route=%2Fwp%2Fv2%2Fcomments&post=2313"}],"version-history":[{"count":1,"href":"https:\/\/cinemascotte.fr\/index.php?rest_route=\/wp\/v2\/posts\/2313\/revisions"}],"predecessor-version":[{"id":2314,"href":"https:\/\/cinemascotte.fr\/index.php?rest_route=\/wp\/v2\/posts\/2313\/revisions\/2314"}],"wp:attachment":[{"href":"https:\/\/cinemascotte.fr\/index.php?rest_route=%2Fwp%2Fv2%2Fmedia&parent=2313"}],"wp:term":[{"taxonomy":"category","embeddable":true,"href":"https:\/\/cinemascotte.fr\/index.php?rest_route=%2Fwp%2Fv2%2Fcategories&post=2313"},{"taxonomy":"post_tag","embeddable":true,"href":"https:\/\/cinemascotte.fr\/index.php?rest_route=%2Fwp%2Fv2%2Ftags&post=2313"}],"curies":[{"name":"wp","href":"https:\/\/api.w.org\/{rel}","templated":true}]}}