{"id":2215,"date":"2024-11-02T17:24:48","date_gmt":"2024-11-02T16:24:48","guid":{"rendered":"https:\/\/cinemascotte.fr\/?p=2215"},"modified":"2024-11-02T17:28:19","modified_gmt":"2024-11-02T16:28:19","slug":"maya-donne-moi-un-titre","status":"publish","type":"post","link":"https:\/\/cinemascotte.fr\/?p=2215","title":{"rendered":"Maya, donne-moi un titre"},"content":{"rendered":"\n<p class=\"has-text-color has-link-color wp-elements-de6fa380dbbcf5dcd8970127e93c45e3\" style=\"color:#192aaa;font-size:18px\">Mercredi 11 d\u00e9cembre 2024 \u00e0 14h30 et dimanche 15 \u00e0 14h30<\/p>\n\n\n\n<p>de<strong> Michel Gondry<\/strong>, France, 2024 <br><br>\u00e0 partir de 6 ans, dur\u00e9e : 61 min<\/p>\n\n\n<div class=\"wp-block-image\">\n<figure class=\"alignleft size-full is-resized\"><img loading=\"lazy\" decoding=\"async\" width=\"1200\" height=\"1600\" src=\"https:\/\/cinemascotte.fr\/wp-content\/uploads\/2024\/10\/maya-466-1.webp\" alt=\"\" class=\"wp-image-2216\" style=\"width:265px;height:auto\" srcset=\"https:\/\/cinemascotte.fr\/wp-content\/uploads\/2024\/10\/maya-466-1.webp 1200w, https:\/\/cinemascotte.fr\/wp-content\/uploads\/2024\/10\/maya-466-1-225x300.webp 225w, https:\/\/cinemascotte.fr\/wp-content\/uploads\/2024\/10\/maya-466-1-768x1024.webp 768w, https:\/\/cinemascotte.fr\/wp-content\/uploads\/2024\/10\/maya-466-1-1152x1536.webp 1152w, https:\/\/cinemascotte.fr\/wp-content\/uploads\/2024\/10\/maya-466-1-87x116.webp 87w\" sizes=\"auto, (max-width: 709px) 85vw, (max-width: 909px) 67vw, (max-width: 1362px) 62vw, 840px\" \/><\/figure>\n<\/div>\n\n\n<p class=\"has-drop-cap\">Maya et son papa vivent dans deux pays diff\u00e9rents. Pour maintenir le lien avec sa fille et continuer \u00e0 lui raconter des histoires, son papa lui demande chaque soir \u00ab Maya, donne-moi un titre \u00bb. \u00c0 partir de ce titre, il lui fabrique alors un dessin anim\u00e9 dont elle est l\u2019h\u00e9ro\u00efne. \u00c0 travers ces aventures racont\u00e9es par Pierre Niney, Michel Gondry donne vie \u00e0 un voyage po\u00e9tique et amusant qui fera r\u00eaver les petits\u2026et sourire les grands.<\/p>\n\n\n\n<p class=\"has-text-color has-link-color wp-elements-7cbd1c50d371f0acbb1b01acad40b711\" style=\"color:#1a00cc\"><em>Le <\/em><em>premier film d\u2019animation de Michel Gondry, principalement r\u00e9alis\u00e9 \u00e0 partir de papiers d\u00e9coup\u00e9s et de dessins au trait na\u00eff.<\/em><\/p>\n\n\n\n<p class=\"has-text-color has-link-color wp-elements-c31568c61f110398e86db09a18a4e6dd\" style=\"color:#1a00cc\"><em>U<\/em><em>ne succession d\u2019aventures <\/em><em>loufoques et d\u2019histoires abracadabrantes, <\/em><em>o\u00f9<\/em><em> tout semble possible, <\/em><em>comme <\/em><em>croiser un avion-oiseau ou un poisson-horloge&#8230;<\/em><\/p>\n","protected":false},"excerpt":{"rendered":"<p>Mercredi 11 d\u00e9cembre 2024 \u00e0 14h30 et dimanche 15 \u00e0 14h30 de Michel Gondry, France, 2024 \u00e0 partir de 6 ans, dur\u00e9e : 61 min Maya et son papa vivent dans deux pays diff\u00e9rents. Pour maintenir le lien avec sa fille et continuer \u00e0 lui raconter des histoires, son papa lui demande chaque soir \u00ab &hellip; <a href=\"https:\/\/cinemascotte.fr\/?p=2215\" class=\"more-link\">Continuer la lecture<span class=\"screen-reader-text\"> de &laquo;&nbsp;Maya, donne-moi un titre&nbsp;&raquo;<\/span><\/a><\/p>\n","protected":false},"author":3,"featured_media":0,"comment_status":"closed","ping_status":"closed","sticky":false,"template":"","format":"standard","meta":{"footnotes":""},"categories":[],"tags":[],"class_list":["post-2215","post","type-post","status-publish","format-standard","hentry"],"_links":{"self":[{"href":"https:\/\/cinemascotte.fr\/index.php?rest_route=\/wp\/v2\/posts\/2215","targetHints":{"allow":["GET"]}}],"collection":[{"href":"https:\/\/cinemascotte.fr\/index.php?rest_route=\/wp\/v2\/posts"}],"about":[{"href":"https:\/\/cinemascotte.fr\/index.php?rest_route=\/wp\/v2\/types\/post"}],"author":[{"embeddable":true,"href":"https:\/\/cinemascotte.fr\/index.php?rest_route=\/wp\/v2\/users\/3"}],"replies":[{"embeddable":true,"href":"https:\/\/cinemascotte.fr\/index.php?rest_route=%2Fwp%2Fv2%2Fcomments&post=2215"}],"version-history":[{"count":2,"href":"https:\/\/cinemascotte.fr\/index.php?rest_route=\/wp\/v2\/posts\/2215\/revisions"}],"predecessor-version":[{"id":2248,"href":"https:\/\/cinemascotte.fr\/index.php?rest_route=\/wp\/v2\/posts\/2215\/revisions\/2248"}],"wp:attachment":[{"href":"https:\/\/cinemascotte.fr\/index.php?rest_route=%2Fwp%2Fv2%2Fmedia&parent=2215"}],"wp:term":[{"taxonomy":"category","embeddable":true,"href":"https:\/\/cinemascotte.fr\/index.php?rest_route=%2Fwp%2Fv2%2Fcategories&post=2215"},{"taxonomy":"post_tag","embeddable":true,"href":"https:\/\/cinemascotte.fr\/index.php?rest_route=%2Fwp%2Fv2%2Ftags&post=2215"}],"curies":[{"name":"wp","href":"https:\/\/api.w.org\/{rel}","templated":true}]}}