{"id":2134,"date":"2024-10-27T15:36:55","date_gmt":"2024-10-27T14:36:55","guid":{"rendered":"https:\/\/cinemascotte.fr\/?p=2134"},"modified":"2024-10-27T15:36:55","modified_gmt":"2024-10-27T14:36:55","slug":"fario","status":"publish","type":"post","link":"https:\/\/cinemascotte.fr\/?p=2134","title":{"rendered":"Fario"},"content":{"rendered":"\n<p class=\"has-text-color has-link-color wp-elements-e179f52eee85e00bb1bec4bbb14b7a4d\" style=\"color:#192aaa;font-size:18px\">Mercredi 4 d\u00e9cembre \u00e0 20h30 et samedi 7 \u00e0 18h00<\/p>\n\n\n\n<p>de <strong>Lucie Prost<\/strong>, com\u00e9die dramatique, 2024, France, 1 h 30<br>avec Finnegan Oldfield, Maria-Victoria Dr\u00e4gus, Camille Rutherford, Florence Loiret-Caille, Olivia C\u00f4te, Megan Northam<\/p>\n\n\n<div class=\"wp-block-image\">\n<figure class=\"alignleft size-full is-resized\"><img loading=\"lazy\" decoding=\"async\" width=\"810\" height=\"1080\" src=\"https:\/\/cinemascotte.fr\/wp-content\/uploads\/2024\/10\/fario-150-2.jpg\" alt=\"\" class=\"wp-image-2135\" style=\"width:265px;height:auto\" srcset=\"https:\/\/cinemascotte.fr\/wp-content\/uploads\/2024\/10\/fario-150-2.jpg 810w, https:\/\/cinemascotte.fr\/wp-content\/uploads\/2024\/10\/fario-150-2-225x300.jpg 225w, https:\/\/cinemascotte.fr\/wp-content\/uploads\/2024\/10\/fario-150-2-768x1024.jpg 768w, https:\/\/cinemascotte.fr\/wp-content\/uploads\/2024\/10\/fario-150-2-87x116.jpg 87w\" sizes=\"auto, (max-width: 709px) 85vw, (max-width: 909px) 67vw, (max-width: 984px) 61vw, (max-width: 1362px) 45vw, 600px\" \/><\/figure>\n<\/div>\n\n\n<p class=\"has-drop-cap\">L\u00e9o, jeune ing\u00e9nieur brillant et f\u00eatard qui vit \u00e0 Berlin, doit rentrer dans son village du Doubs pour vendre les terrains agricoles de son p\u00e8re \u00e0 une entreprise de forage de m\u00e9taux rares. Il retrouve sa m\u00e8re, sa petite s\u0153ur, ses copains et son cousin, en d\u00e9saccord avec le projet de mine. Rapidement, L\u00e9o observe d\u2019\u00e9tranges comportements des truites dans la rivi\u00e8re locale : la Loue.<\/p>\n\n\n\n<p class=\"has-text-color has-link-color wp-elements-07710c800c14b7411a159fd0315163ac\" style=\"color:#1a00cc\"><em>Le film est tourn\u00e9 dans le Doubs,dans la vall\u00e9e de la Loue.<br>Sur fond de vie des jeunes \u00e0 la campagne, l\u2019intrigue \u00e9cologiste est bien men\u00e9e. Le film nous plonge dans cette r\u00e9gion rurale, ses beaux paysages, sa culture de la p\u00eache, la vie quotidienne de ses habitants. Il suit des jeunes de notre temps et les questions qui les pr\u00e9occupent. Rien d\u2019extr\u00eame, juste des \u00e9changes sur les enjeux de l\u2019agrandissement d\u2019une mine \u00e0 ciel ouvert qui pourrait soutenir l\u2019emploi local, jou\u00e9 par des acteurs tr\u00e8s justes et tr\u00e8s attachants.<\/em><\/p>\n","protected":false},"excerpt":{"rendered":"<p>Mercredi 4 d\u00e9cembre \u00e0 20h30 et samedi 7 \u00e0 18h00 de Lucie Prost, com\u00e9die dramatique, 2024, France, 1 h 30avec Finnegan Oldfield, Maria-Victoria Dr\u00e4gus, Camille Rutherford, Florence Loiret-Caille, Olivia C\u00f4te, Megan Northam L\u00e9o, jeune ing\u00e9nieur brillant et f\u00eatard qui vit \u00e0 Berlin, doit rentrer dans son village du Doubs pour vendre les terrains agricoles de &hellip; <a href=\"https:\/\/cinemascotte.fr\/?p=2134\" class=\"more-link\">Continuer la lecture<span class=\"screen-reader-text\"> de &laquo;&nbsp;Fario&nbsp;&raquo;<\/span><\/a><\/p>\n","protected":false},"author":3,"featured_media":0,"comment_status":"closed","ping_status":"closed","sticky":false,"template":"","format":"standard","meta":{"footnotes":""},"categories":[17],"tags":[],"class_list":["post-2134","post","type-post","status-publish","format-standard","hentry","category-programmation-bimensuelle-du-6-novembre-au-22-decembre-2024"],"_links":{"self":[{"href":"https:\/\/cinemascotte.fr\/index.php?rest_route=\/wp\/v2\/posts\/2134","targetHints":{"allow":["GET"]}}],"collection":[{"href":"https:\/\/cinemascotte.fr\/index.php?rest_route=\/wp\/v2\/posts"}],"about":[{"href":"https:\/\/cinemascotte.fr\/index.php?rest_route=\/wp\/v2\/types\/post"}],"author":[{"embeddable":true,"href":"https:\/\/cinemascotte.fr\/index.php?rest_route=\/wp\/v2\/users\/3"}],"replies":[{"embeddable":true,"href":"https:\/\/cinemascotte.fr\/index.php?rest_route=%2Fwp%2Fv2%2Fcomments&post=2134"}],"version-history":[{"count":1,"href":"https:\/\/cinemascotte.fr\/index.php?rest_route=\/wp\/v2\/posts\/2134\/revisions"}],"predecessor-version":[{"id":2136,"href":"https:\/\/cinemascotte.fr\/index.php?rest_route=\/wp\/v2\/posts\/2134\/revisions\/2136"}],"wp:attachment":[{"href":"https:\/\/cinemascotte.fr\/index.php?rest_route=%2Fwp%2Fv2%2Fmedia&parent=2134"}],"wp:term":[{"taxonomy":"category","embeddable":true,"href":"https:\/\/cinemascotte.fr\/index.php?rest_route=%2Fwp%2Fv2%2Fcategories&post=2134"},{"taxonomy":"post_tag","embeddable":true,"href":"https:\/\/cinemascotte.fr\/index.php?rest_route=%2Fwp%2Fv2%2Ftags&post=2134"}],"curies":[{"name":"wp","href":"https:\/\/api.w.org\/{rel}","templated":true}]}}