{"id":2111,"date":"2024-10-27T15:34:03","date_gmt":"2024-10-27T14:34:03","guid":{"rendered":"https:\/\/cinemascotte.fr\/?p=2111"},"modified":"2024-10-27T15:34:03","modified_gmt":"2024-10-27T14:34:03","slug":"trois-amies","status":"publish","type":"post","link":"https:\/\/cinemascotte.fr\/?p=2111","title":{"rendered":"Trois amies"},"content":{"rendered":"\n<p class=\"has-text-color has-link-color wp-elements-338024baf81db59decd54804daeed8f3\" style=\"color:#192aaa;font-size:18px\">Mercredi 18 d\u00e9cembre \u00e0 20h30 et dimanche 22 \u00e0 18h00<\/p>\n\n\n\n<p>de <strong>Emmanuel Mouret<\/strong>, com\u00e9die dramatique, 2024, France,1h57<br>avec Camille Cottin, Sara Forestier, India Hair, Damien Bonnard<\/p>\n\n\n<div class=\"wp-block-image\">\n<figure class=\"alignleft size-full is-resized\"><img loading=\"lazy\" decoding=\"async\" width=\"1166\" height=\"1600\" src=\"https:\/\/cinemascotte.fr\/wp-content\/uploads\/2024\/10\/affiche-3-amies-1.webp\" alt=\"\" class=\"wp-image-2112\" style=\"width:265px;height:auto\" srcset=\"https:\/\/cinemascotte.fr\/wp-content\/uploads\/2024\/10\/affiche-3-amies-1.webp 1166w, https:\/\/cinemascotte.fr\/wp-content\/uploads\/2024\/10\/affiche-3-amies-1-219x300.webp 219w, https:\/\/cinemascotte.fr\/wp-content\/uploads\/2024\/10\/affiche-3-amies-1-746x1024.webp 746w, https:\/\/cinemascotte.fr\/wp-content\/uploads\/2024\/10\/affiche-3-amies-1-768x1054.webp 768w, https:\/\/cinemascotte.fr\/wp-content\/uploads\/2024\/10\/affiche-3-amies-1-1119x1536.webp 1119w, https:\/\/cinemascotte.fr\/wp-content\/uploads\/2024\/10\/affiche-3-amies-1-85x116.webp 85w\" sizes=\"auto, (max-width: 709px) 85vw, (max-width: 909px) 67vw, (max-width: 1362px) 62vw, 840px\" \/><\/figure>\n<\/div>\n\n\n<p class=\"has-drop-cap\">Joan n\u2019est plus amoureuse de Victor et souffre de se sentir malhonn\u00eate avec lui. Alice sa meilleure amie la rassure : elle-m\u00eame n\u2019\u00e9prouve aucune passion pour Eric, et pourtant leur couple se porte \u00e0 merveille ! Elle ignore qu\u2019il a une liaison avec Rebecca, leur amie commune\u2026 Quand Joan d\u00e9cide finalement de quitter Victor et que celui-ci dispara\u00eet, la vie des trois amies et leurs histoires s\u2019en trouvent boulevers\u00e9es.<\/p>\n\n\n\n<p class=\"has-text-color has-link-color wp-elements-7644e8bb9f4dacf670c7e02060fe6426\" style=\"color:#1a00cc\"><em>\u00ab En articulant son r\u00e9cit autour de trois figures f\u00e9minines aux m\u0153urs et aspirations sentimentales bien diverses, Emmanuel Mouret permet \u00e0 ses spectateurs de s&rsquo;identifier au personnage qui r\u00e9sonnera le plus avec son parcours amoureux. Nous continuons d&rsquo;appr\u00e9cier les films d&rsquo;Emmanuel Mouret pour leurs dialogues toujours savoureux.<br>Imagin\u00e9 comme une variation sur le m\u00eame th\u00e8me, Trois amies se propose peut-\u00eatre davantage d&rsquo;explorer le d\u00e9samour. \u00bb L.Mang<\/em><\/p>\n","protected":false},"excerpt":{"rendered":"<p>Mercredi 18 d\u00e9cembre \u00e0 20h30 et dimanche 22 \u00e0 18h00 de Emmanuel Mouret, com\u00e9die dramatique, 2024, France,1h57avec Camille Cottin, Sara Forestier, India Hair, Damien Bonnard Joan n\u2019est plus amoureuse de Victor et souffre de se sentir malhonn\u00eate avec lui. Alice sa meilleure amie la rassure : elle-m\u00eame n\u2019\u00e9prouve aucune passion pour Eric, et pourtant leur &hellip; <a href=\"https:\/\/cinemascotte.fr\/?p=2111\" class=\"more-link\">Continuer la lecture<span class=\"screen-reader-text\"> de &laquo;&nbsp;Trois amies&nbsp;&raquo;<\/span><\/a><\/p>\n","protected":false},"author":3,"featured_media":0,"comment_status":"closed","ping_status":"closed","sticky":false,"template":"","format":"standard","meta":{"footnotes":""},"categories":[17],"tags":[],"class_list":["post-2111","post","type-post","status-publish","format-standard","hentry","category-programmation-bimensuelle-du-6-novembre-au-22-decembre-2024"],"_links":{"self":[{"href":"https:\/\/cinemascotte.fr\/index.php?rest_route=\/wp\/v2\/posts\/2111","targetHints":{"allow":["GET"]}}],"collection":[{"href":"https:\/\/cinemascotte.fr\/index.php?rest_route=\/wp\/v2\/posts"}],"about":[{"href":"https:\/\/cinemascotte.fr\/index.php?rest_route=\/wp\/v2\/types\/post"}],"author":[{"embeddable":true,"href":"https:\/\/cinemascotte.fr\/index.php?rest_route=\/wp\/v2\/users\/3"}],"replies":[{"embeddable":true,"href":"https:\/\/cinemascotte.fr\/index.php?rest_route=%2Fwp%2Fv2%2Fcomments&post=2111"}],"version-history":[{"count":2,"href":"https:\/\/cinemascotte.fr\/index.php?rest_route=\/wp\/v2\/posts\/2111\/revisions"}],"predecessor-version":[{"id":2152,"href":"https:\/\/cinemascotte.fr\/index.php?rest_route=\/wp\/v2\/posts\/2111\/revisions\/2152"}],"wp:attachment":[{"href":"https:\/\/cinemascotte.fr\/index.php?rest_route=%2Fwp%2Fv2%2Fmedia&parent=2111"}],"wp:term":[{"taxonomy":"category","embeddable":true,"href":"https:\/\/cinemascotte.fr\/index.php?rest_route=%2Fwp%2Fv2%2Fcategories&post=2111"},{"taxonomy":"post_tag","embeddable":true,"href":"https:\/\/cinemascotte.fr\/index.php?rest_route=%2Fwp%2Fv2%2Ftags&post=2111"}],"curies":[{"name":"wp","href":"https:\/\/api.w.org\/{rel}","templated":true}]}}