{"id":1996,"date":"2024-08-20T10:48:29","date_gmt":"2024-08-20T08:48:29","guid":{"rendered":"https:\/\/cinemascotte.fr\/?p=1996"},"modified":"2024-08-20T10:48:29","modified_gmt":"2024-08-20T08:48:29","slug":"gloria","status":"publish","type":"post","link":"https:\/\/cinemascotte.fr\/?p=1996","title":{"rendered":"Gloria"},"content":{"rendered":"\n<p class=\"has-text-color has-link-color wp-elements-66854c12ff863ae05b151dec476ebee5\" style=\"color:#192aaa;font-size:18px\">Mercredi 11 septembre \u00e0 18h00 et lundi 16 septembre \u00e0 20h30<\/p>\n\n\n\n<p>de<strong> Margherita Vicarioc<\/strong>, drame, France, 1h51<br>avec Galatea Bellugi, Carlotta Gamba, Veronica Lucchesi<\/p>\n\n\n<div class=\"wp-block-image\">\n<figure class=\"alignleft size-full is-resized\"><img loading=\"lazy\" decoding=\"async\" width=\"680\" height=\"924\" src=\"https:\/\/cinemascotte.fr\/wp-content\/uploads\/2024\/08\/gloria.webp\" alt=\"\" class=\"wp-image-1986\" style=\"width:222px;height:auto\" srcset=\"https:\/\/cinemascotte.fr\/wp-content\/uploads\/2024\/08\/gloria.webp 680w, https:\/\/cinemascotte.fr\/wp-content\/uploads\/2024\/08\/gloria-221x300.webp 221w, https:\/\/cinemascotte.fr\/wp-content\/uploads\/2024\/08\/gloria-85x116.webp 85w\" sizes=\"auto, (max-width: 709px) 85vw, (max-width: 909px) 67vw, (max-width: 984px) 61vw, (max-width: 1362px) 45vw, 600px\" \/><\/figure>\n<\/div>\n\n\n<p class=\"has-drop-cap\">Venise, au 18\u00e8me si\u00e8cle. A l&rsquo;Institut Sant&rsquo;Ignazio, orphelinat et conservatoire pour jeunes filles, tout le monde s&rsquo;agite en vue de la visite imminente du nouveau Pape et du grand concert qui sera donn\u00e9 en son honneur. Teresa, jeune domestique silencieuse et solitaire, fait alors une d\u00e9couverte exceptionnelle qui va r\u00e9volutionner la vie du conservatoire : un piano-forte.<\/p>\n\n\n\n<p class=\"has-text-color has-link-color wp-elements-fc63e2c11600b1c7e1a909678b04699b\" style=\"color:#1a00cc\"><em>\u00ab Le film d\u00e9ploie une libert\u00e9 et une \u00e9nergie vivifiantes, n\u2019h\u00e9sitant pas \u00e0 oser les anachronismes musicaux, et nous entra\u00eene dans une sarabande joyeuse et d\u00e9brid\u00e9e, ne n\u00e9gligeant ni l\u2019humour, ni le soin apport\u00e9 aux images. \u00bb (La Croix)<\/em><\/p>\n","protected":false},"excerpt":{"rendered":"<p>Mercredi 11 septembre \u00e0 18h00 et lundi 16 septembre \u00e0 20h30 de Margherita Vicarioc, drame, France, 1h51avec Galatea Bellugi, Carlotta Gamba, Veronica Lucchesi Venise, au 18\u00e8me si\u00e8cle. A l&rsquo;Institut Sant&rsquo;Ignazio, orphelinat et conservatoire pour jeunes filles, tout le monde s&rsquo;agite en vue de la visite imminente du nouveau Pape et du grand concert qui sera &hellip; <a href=\"https:\/\/cinemascotte.fr\/?p=1996\" class=\"more-link\">Continuer la lecture<span class=\"screen-reader-text\"> de &laquo;&nbsp;Gloria&nbsp;&raquo;<\/span><\/a><\/p>\n","protected":false},"author":3,"featured_media":0,"comment_status":"closed","ping_status":"closed","sticky":false,"template":"","format":"standard","meta":{"footnotes":""},"categories":[15],"tags":[],"class_list":["post-1996","post","type-post","status-publish","format-standard","hentry","category-rentree-2024"],"_links":{"self":[{"href":"https:\/\/cinemascotte.fr\/index.php?rest_route=\/wp\/v2\/posts\/1996","targetHints":{"allow":["GET"]}}],"collection":[{"href":"https:\/\/cinemascotte.fr\/index.php?rest_route=\/wp\/v2\/posts"}],"about":[{"href":"https:\/\/cinemascotte.fr\/index.php?rest_route=\/wp\/v2\/types\/post"}],"author":[{"embeddable":true,"href":"https:\/\/cinemascotte.fr\/index.php?rest_route=\/wp\/v2\/users\/3"}],"replies":[{"embeddable":true,"href":"https:\/\/cinemascotte.fr\/index.php?rest_route=%2Fwp%2Fv2%2Fcomments&post=1996"}],"version-history":[{"count":2,"href":"https:\/\/cinemascotte.fr\/index.php?rest_route=\/wp\/v2\/posts\/1996\/revisions"}],"predecessor-version":[{"id":2002,"href":"https:\/\/cinemascotte.fr\/index.php?rest_route=\/wp\/v2\/posts\/1996\/revisions\/2002"}],"wp:attachment":[{"href":"https:\/\/cinemascotte.fr\/index.php?rest_route=%2Fwp%2Fv2%2Fmedia&parent=1996"}],"wp:term":[{"taxonomy":"category","embeddable":true,"href":"https:\/\/cinemascotte.fr\/index.php?rest_route=%2Fwp%2Fv2%2Fcategories&post=1996"},{"taxonomy":"post_tag","embeddable":true,"href":"https:\/\/cinemascotte.fr\/index.php?rest_route=%2Fwp%2Fv2%2Ftags&post=1996"}],"curies":[{"name":"wp","href":"https:\/\/api.w.org\/{rel}","templated":true}]}}