{"id":1963,"date":"2024-07-09T08:53:57","date_gmt":"2024-07-09T06:53:57","guid":{"rendered":"https:\/\/cinemascotte.fr\/?p=1963"},"modified":"2024-07-09T08:53:57","modified_gmt":"2024-07-09T06:53:57","slug":"borgo","status":"publish","type":"post","link":"https:\/\/cinemascotte.fr\/?p=1963","title":{"rendered":"Borgo"},"content":{"rendered":"\n<p class=\"has-text-color has-link-color wp-elements-848603eaa225f6a427454425d68f1ae0\" style=\"color:#192aaa;font-size:18px\">Mercredi 17 juillet \u00e0 20h30 et dimanche 21 juillet \u00e0 18h00<\/p>\n\n\n\n<p>de <strong>St\u00e9phane Demoustier<\/strong>, drame, France, 1h57<\/p>\n\n\n\n<p>avec Hafsia Herzi, Michel Fau, Louis Memmi, Moussa Mansaly,                  Florence Loiret-Caille<\/p>\n\n\n<div class=\"wp-block-image\">\n<figure class=\"alignleft size-full is-resized\"><img loading=\"lazy\" decoding=\"async\" width=\"380\" height=\"518\" src=\"https:\/\/cinemascotte.fr\/wp-content\/uploads\/2024\/07\/Borgo.jpg\" alt=\"\" class=\"wp-image-1964\" style=\"width:265px;height:auto\" srcset=\"https:\/\/cinemascotte.fr\/wp-content\/uploads\/2024\/07\/Borgo.jpg 380w, https:\/\/cinemascotte.fr\/wp-content\/uploads\/2024\/07\/Borgo-220x300.jpg 220w, https:\/\/cinemascotte.fr\/wp-content\/uploads\/2024\/07\/Borgo-85x116.jpg 85w\" sizes=\"auto, (max-width: 380px) 85vw, 380px\" \/><\/figure>\n<\/div>\n\n\n<p class=\"has-drop-cap\">Melissa, 32 ans, surveillante p\u00e9nitentiaire exp\u00e9riment\u00e9e, s\u2019installe en Corse avec ses deux jeunes enfants et son mari. L\u2019occasion d\u2019un nouveau d\u00e9part. Elle int\u00e8gre les \u00e9quipes d&rsquo;un centre p\u00e9nitentiaire pas tout \u00e0 fait comme les autres. Ici, on dit que ce sont les prisonniers qui surveillent les gardiens. L\u2019int\u00e9gration de Melissa est facilit\u00e9e par Saveriu, un jeune d\u00e9tenu qui semble influent et la place sous sa protection. Mais une fois lib\u00e9r\u00e9, Saveriu reprend contact avec Melissa. Il a un service \u00e0 lui demander\u2026 Une m\u00e9canique pernicieuse se met en marche.<\/p>\n\n\n\n<p class=\"has-text-color has-link-color wp-elements-53d97a37f85b164ed8942a158b56e9bf\" style=\"color:#1a00cc\"><em>Dans un film noir captivant, <strong>St\u00e9phane Demoustier<\/strong> d\u00e9tricote les clich\u00e9s cin\u00e9matographiques associ\u00e9s \u00e0 l&rsquo;\u00eele de beaut\u00e9. Cette fiction magistrale s&rsquo;impose comme l&rsquo;une des plus belles r\u00e9ussites de l&rsquo;ann\u00e9e du c\u00f4t\u00e9 du cin\u00e9ma fran\u00e7ais. (Marianne)<\/em><\/p>\n\n\n\n<p class=\"has-text-color has-link-color wp-elements-619b9f8be7eecc2e8a38da7c395a343f\" style=\"color:#1a00cc\"><em>Faisant un sort aux clich\u00e9s habituels sur la Corse, <strong>St\u00e9phane Demoustier <\/strong>signe un film \u00e0 la tension sourde o\u00f9 il rend sans cesse cr\u00e9dible et prenante la lente descente aux enfers de cette matonne, peu \u00e0 peu d\u00e9pass\u00e9e par les services de plus en plus importants qu\u2019on lui demande. (Premi\u00e8re)<\/em><\/p>\n","protected":false},"excerpt":{"rendered":"<p>Mercredi 17 juillet \u00e0 20h30 et dimanche 21 juillet \u00e0 18h00 de St\u00e9phane Demoustier, drame, France, 1h57 avec Hafsia Herzi, Michel Fau, Louis Memmi, Moussa Mansaly, Florence Loiret-Caille Melissa, 32 ans, surveillante p\u00e9nitentiaire exp\u00e9riment\u00e9e, s\u2019installe en Corse avec ses deux jeunes enfants et son mari. L\u2019occasion d\u2019un nouveau d\u00e9part. Elle int\u00e8gre les \u00e9quipes d&rsquo;un centre &hellip; <a href=\"https:\/\/cinemascotte.fr\/?p=1963\" class=\"more-link\">Continuer la lecture<span class=\"screen-reader-text\"> de &laquo;&nbsp;Borgo&nbsp;&raquo;<\/span><\/a><\/p>\n","protected":false},"author":3,"featured_media":0,"comment_status":"closed","ping_status":"closed","sticky":false,"template":"","format":"standard","meta":{"footnotes":""},"categories":[14],"tags":[],"class_list":["post-1963","post","type-post","status-publish","format-standard","hentry","category-programmation-bimensuelle-du-10-mai-au-7-juillet-2024"],"_links":{"self":[{"href":"https:\/\/cinemascotte.fr\/index.php?rest_route=\/wp\/v2\/posts\/1963","targetHints":{"allow":["GET"]}}],"collection":[{"href":"https:\/\/cinemascotte.fr\/index.php?rest_route=\/wp\/v2\/posts"}],"about":[{"href":"https:\/\/cinemascotte.fr\/index.php?rest_route=\/wp\/v2\/types\/post"}],"author":[{"embeddable":true,"href":"https:\/\/cinemascotte.fr\/index.php?rest_route=\/wp\/v2\/users\/3"}],"replies":[{"embeddable":true,"href":"https:\/\/cinemascotte.fr\/index.php?rest_route=%2Fwp%2Fv2%2Fcomments&post=1963"}],"version-history":[{"count":1,"href":"https:\/\/cinemascotte.fr\/index.php?rest_route=\/wp\/v2\/posts\/1963\/revisions"}],"predecessor-version":[{"id":1965,"href":"https:\/\/cinemascotte.fr\/index.php?rest_route=\/wp\/v2\/posts\/1963\/revisions\/1965"}],"wp:attachment":[{"href":"https:\/\/cinemascotte.fr\/index.php?rest_route=%2Fwp%2Fv2%2Fmedia&parent=1963"}],"wp:term":[{"taxonomy":"category","embeddable":true,"href":"https:\/\/cinemascotte.fr\/index.php?rest_route=%2Fwp%2Fv2%2Fcategories&post=1963"},{"taxonomy":"post_tag","embeddable":true,"href":"https:\/\/cinemascotte.fr\/index.php?rest_route=%2Fwp%2Fv2%2Ftags&post=1963"}],"curies":[{"name":"wp","href":"https:\/\/api.w.org\/{rel}","templated":true}]}}