{"id":1882,"date":"2024-04-25T10:21:34","date_gmt":"2024-04-25T08:21:34","guid":{"rendered":"https:\/\/cinemascotte.fr\/?p=1882"},"modified":"2024-04-25T10:21:34","modified_gmt":"2024-04-25T08:21:34","slug":"la-zone-dinteret","status":"publish","type":"post","link":"https:\/\/cinemascotte.fr\/?p=1882","title":{"rendered":"La zone d&rsquo;int\u00e9r\u00eat"},"content":{"rendered":"\n<p class=\"has-text-color has-link-color wp-elements-7f55127a2347ba7cb2286e05be748d6a\" style=\"color:#192aaa;font-size:18px\">Mercredi 19 juin \u00e0 20h30 et dimanche 23 juin \u00e0 18h00<\/p>\n\n\n\n<p>de <strong>Jonathan Glazer<\/strong>, drame historique, 2024, Royaume Uni, Pologne, France, 1h45, VOST, avec Christian Friedel, Sandra H\u00fcller, Johann Karthaus<\/p>\n\n\n\n<p class=\"has-text-align-center has-text-color has-link-color wp-elements-a846d7f774fd1fe3f905eba1cbd401bb\" style=\"color:#dd2b22\"><strong>Antigone d\u2019Or, Cinemed Montpellier 2023<\/strong><\/p>\n\n\n<div class=\"wp-block-image\">\n<figure class=\"alignleft size-full is-resized\"><img loading=\"lazy\" decoding=\"async\" width=\"1200\" height=\"1600\" src=\"https:\/\/cinemascotte.fr\/wp-content\/uploads\/2024\/04\/zone-dinteret.webp\" alt=\"\" class=\"wp-image-1883\" style=\"width:236px;height:auto\" srcset=\"https:\/\/cinemascotte.fr\/wp-content\/uploads\/2024\/04\/zone-dinteret.webp 1200w, https:\/\/cinemascotte.fr\/wp-content\/uploads\/2024\/04\/zone-dinteret-225x300.webp 225w, https:\/\/cinemascotte.fr\/wp-content\/uploads\/2024\/04\/zone-dinteret-768x1024.webp 768w, https:\/\/cinemascotte.fr\/wp-content\/uploads\/2024\/04\/zone-dinteret-1152x1536.webp 1152w, https:\/\/cinemascotte.fr\/wp-content\/uploads\/2024\/04\/zone-dinteret-87x116.webp 87w\" sizes=\"auto, (max-width: 709px) 85vw, (max-width: 909px) 67vw, (max-width: 1362px) 62vw, 840px\" \/><\/figure>\n<\/div>\n\n\n<p class=\"has-drop-cap\">Le commandant d\u2019Auschwitz, Rudolf H\u00f6ss, et sa femme Hedwig s\u2019efforcent de construire une vie de r\u00eave pour leur famille dans une maison avec jardin \u00e0 c\u00f4t\u00e9 du camp.<\/p>\n\n\n\n<p class=\"has-text-color has-link-color wp-elements-0370e6237f7c5e4a81f9c01c53636459\" style=\"color:#192aaa\"><em>S\u2019\u00e9loignant consid\u00e9rablement du roman de Martin Amis (qui ne nomme pas les bourreaux dans son livre), <strong>Glazer<\/strong> montre les vrais personnages, les vrais lieux (le film a \u00e9t\u00e9 tourn\u00e9 sur le site m\u00eame). Cin\u00e9aste des fractures de la r\u00e9alit\u00e9, il a mis neuf ans \u00e0 filmer cette histoire, \u00e0 laquelle il donne une incroyable densit\u00e9. (L\u2019Obs)<\/em><\/p>\n","protected":false},"excerpt":{"rendered":"<p>Mercredi 19 juin \u00e0 20h30 et dimanche 23 juin \u00e0 18h00 de Jonathan Glazer, drame historique, 2024, Royaume Uni, Pologne, France, 1h45, VOST, avec Christian Friedel, Sandra H\u00fcller, Johann Karthaus Antigone d\u2019Or, Cinemed Montpellier 2023 Le commandant d\u2019Auschwitz, Rudolf H\u00f6ss, et sa femme Hedwig s\u2019efforcent de construire une vie de r\u00eave pour leur famille dans &hellip; <a href=\"https:\/\/cinemascotte.fr\/?p=1882\" class=\"more-link\">Continuer la lecture<span class=\"screen-reader-text\"> de &laquo;&nbsp;La zone d&rsquo;int\u00e9r\u00eat&nbsp;&raquo;<\/span><\/a><\/p>\n","protected":false},"author":3,"featured_media":0,"comment_status":"closed","ping_status":"closed","sticky":false,"template":"","format":"standard","meta":{"footnotes":""},"categories":[14],"tags":[],"class_list":["post-1882","post","type-post","status-publish","format-standard","hentry","category-programmation-bimensuelle-du-10-mai-au-7-juillet-2024"],"_links":{"self":[{"href":"https:\/\/cinemascotte.fr\/index.php?rest_route=\/wp\/v2\/posts\/1882","targetHints":{"allow":["GET"]}}],"collection":[{"href":"https:\/\/cinemascotte.fr\/index.php?rest_route=\/wp\/v2\/posts"}],"about":[{"href":"https:\/\/cinemascotte.fr\/index.php?rest_route=\/wp\/v2\/types\/post"}],"author":[{"embeddable":true,"href":"https:\/\/cinemascotte.fr\/index.php?rest_route=\/wp\/v2\/users\/3"}],"replies":[{"embeddable":true,"href":"https:\/\/cinemascotte.fr\/index.php?rest_route=%2Fwp%2Fv2%2Fcomments&post=1882"}],"version-history":[{"count":5,"href":"https:\/\/cinemascotte.fr\/index.php?rest_route=\/wp\/v2\/posts\/1882\/revisions"}],"predecessor-version":[{"id":1924,"href":"https:\/\/cinemascotte.fr\/index.php?rest_route=\/wp\/v2\/posts\/1882\/revisions\/1924"}],"wp:attachment":[{"href":"https:\/\/cinemascotte.fr\/index.php?rest_route=%2Fwp%2Fv2%2Fmedia&parent=1882"}],"wp:term":[{"taxonomy":"category","embeddable":true,"href":"https:\/\/cinemascotte.fr\/index.php?rest_route=%2Fwp%2Fv2%2Fcategories&post=1882"},{"taxonomy":"post_tag","embeddable":true,"href":"https:\/\/cinemascotte.fr\/index.php?rest_route=%2Fwp%2Fv2%2Ftags&post=1882"}],"curies":[{"name":"wp","href":"https:\/\/api.w.org\/{rel}","templated":true}]}}