{"id":1788,"date":"2024-03-18T09:41:28","date_gmt":"2024-03-18T08:41:28","guid":{"rendered":"https:\/\/cinemascotte.fr\/?p=1788"},"modified":"2024-03-18T09:41:28","modified_gmt":"2024-03-18T08:41:28","slug":"afrique-au-cine-mars-2024","status":"publish","type":"post","link":"https:\/\/cinemascotte.fr\/?p=1788","title":{"rendered":"\u00ab\u00a0Afrique au cin\u00e9\u00a0\u00bb mars 2024"},"content":{"rendered":"\n<h2 class=\"wp-block-heading has-text-align-center\">Les films au programme<\/h2>\n\n\n\n<div class=\"wp-block-columns is-layout-flex wp-container-core-columns-is-layout-9d6595d7 wp-block-columns-is-layout-flex\">\n<div class=\"wp-block-column is-layout-flow wp-block-column-is-layout-flow\">\n<figure class=\"wp-block-image size-full is-resized\"><a href=\"https:\/\/e.pcloud.link\/publink\/show?code=XZfADnZDjGakfLtG2bgTW4oIf9XK8wsmcC7\"><img loading=\"lazy\" decoding=\"async\" width=\"310\" height=\"420\" src=\"https:\/\/cinemascotte.fr\/wp-content\/uploads\/2024\/02\/la-mere-de-tous-les-mensonges.webp\" alt=\"\" class=\"wp-image-1795\" style=\"width:191px;height:auto\" srcset=\"https:\/\/cinemascotte.fr\/wp-content\/uploads\/2024\/02\/la-mere-de-tous-les-mensonges.webp 310w, https:\/\/cinemascotte.fr\/wp-content\/uploads\/2024\/02\/la-mere-de-tous-les-mensonges-221x300.webp 221w, https:\/\/cinemascotte.fr\/wp-content\/uploads\/2024\/02\/la-mere-de-tous-les-mensonges-86x116.webp 86w\" sizes=\"auto, (max-width: 310px) 85vw, 310px\" \/><\/a><figcaption class=\"wp-element-caption\"><strong>mercredi 20 mars \u00e0 20h30<\/strong><\/figcaption><\/figure>\n<\/div>\n\n\n\n<div class=\"wp-block-column is-layout-flow wp-block-column-is-layout-flow\">\n<figure class=\"wp-block-image size-full\"><a href=\"https:\/\/e.pcloud.link\/publink\/show?code=XZsADnZYTO1BTKQNMhafttBuds8OVr4q9y7\"><img loading=\"lazy\" decoding=\"async\" width=\"300\" height=\"409\" src=\"https:\/\/cinemascotte.fr\/wp-content\/uploads\/2024\/02\/moi_capitaine-1.jpg\" alt=\"\" class=\"wp-image-1796\" srcset=\"https:\/\/cinemascotte.fr\/wp-content\/uploads\/2024\/02\/moi_capitaine-1.jpg 300w, https:\/\/cinemascotte.fr\/wp-content\/uploads\/2024\/02\/moi_capitaine-1-220x300.jpg 220w, https:\/\/cinemascotte.fr\/wp-content\/uploads\/2024\/02\/moi_capitaine-1-85x116.jpg 85w\" sizes=\"auto, (max-width: 300px) 85vw, 300px\" \/><\/a><figcaption class=\"wp-element-caption\"><strong>vendredi 22 mars et dimanche 24 \u00e0 18h00<\/strong><\/figcaption><\/figure>\n<\/div>\n\n\n\n<div class=\"wp-block-column is-layout-flow wp-block-column-is-layout-flow\">\n<figure class=\"wp-block-image size-full\"><a href=\"https:\/\/e.pcloud.link\/publink\/show?code=XZmADnZfkVBx3G3iGk9MUjvyf9gL4DKbrGX\"><img loading=\"lazy\" decoding=\"async\" width=\"310\" height=\"420\" src=\"https:\/\/cinemascotte.fr\/wp-content\/uploads\/2024\/02\/black-tea-1.webp\" alt=\"\" class=\"wp-image-1797\" srcset=\"https:\/\/cinemascotte.fr\/wp-content\/uploads\/2024\/02\/black-tea-1.webp 310w, https:\/\/cinemascotte.fr\/wp-content\/uploads\/2024\/02\/black-tea-1-221x300.webp 221w, https:\/\/cinemascotte.fr\/wp-content\/uploads\/2024\/02\/black-tea-1-86x116.webp 86w\" sizes=\"auto, (max-width: 310px) 85vw, 310px\" \/><\/a><figcaption class=\"wp-element-caption\"><strong>vendredi 22 mars \u00e0 20h30 et lundi 25 \u00e0 18h00<\/strong><\/figcaption><\/figure>\n<\/div>\n<\/div>\n\n\n\n<div class=\"wp-block-columns is-layout-flex wp-container-core-columns-is-layout-9d6595d7 wp-block-columns-is-layout-flex\">\n<div class=\"wp-block-column is-layout-flow wp-block-column-is-layout-flow\">\n<figure class=\"wp-block-image size-full\"><a href=\"https:\/\/e.pcloud.link\/publink\/show?code=XZeADnZ1Failpq76dY18KVIJaJu60VLESuX\"><img loading=\"lazy\" decoding=\"async\" width=\"310\" height=\"420\" src=\"https:\/\/cinemascotte.fr\/wp-content\/uploads\/2024\/02\/mambar-pierrette.webp\" alt=\"\" class=\"wp-image-1799\" srcset=\"https:\/\/cinemascotte.fr\/wp-content\/uploads\/2024\/02\/mambar-pierrette.webp 310w, https:\/\/cinemascotte.fr\/wp-content\/uploads\/2024\/02\/mambar-pierrette-221x300.webp 221w, https:\/\/cinemascotte.fr\/wp-content\/uploads\/2024\/02\/mambar-pierrette-86x116.webp 86w\" sizes=\"auto, (max-width: 310px) 85vw, 310px\" \/><\/a><figcaption class=\"wp-element-caption\"><strong>Soir\u00e9e samedi 24 mars  \u00e0 18h00 et lundi 25 \u00e0 20h30<\/strong><\/figcaption><\/figure>\n<\/div>\n\n\n\n<div class=\"wp-block-column is-layout-flow wp-block-column-is-layout-flow\">\n<figure class=\"wp-block-image size-full\"><a href=\"https:\/\/e.pcloud.link\/publink\/show?code=XZeADnZ1Failpq76dY18KVIJaJu60VLESuX\"><img loading=\"lazy\" decoding=\"async\" width=\"310\" height=\"420\" src=\"https:\/\/cinemascotte.fr\/wp-content\/uploads\/2024\/02\/cesaria-evora.jpg\" alt=\"\" class=\"wp-image-1800\" srcset=\"https:\/\/cinemascotte.fr\/wp-content\/uploads\/2024\/02\/cesaria-evora.jpg 310w, https:\/\/cinemascotte.fr\/wp-content\/uploads\/2024\/02\/cesaria-evora-221x300.jpg 221w, https:\/\/cinemascotte.fr\/wp-content\/uploads\/2024\/02\/cesaria-evora-86x116.jpg 86w\" sizes=\"auto, (max-width: 310px) 85vw, 310px\" \/><\/a><figcaption class=\"wp-element-caption\"><strong>Soir\u00e9e samedi 24 mars  \u00e0<\/strong> 21h00<\/figcaption><\/figure>\n<\/div>\n\n\n\n<div class=\"wp-block-column is-layout-flow wp-block-column-is-layout-flow\">\n<figure class=\"wp-block-image size-full\"><a href=\"https:\/\/e.pcloud.link\/publink\/show?code=XZHUDnZN2T1lrqljKHCxdsEkU03w5faqhHk\"><img loading=\"lazy\" decoding=\"async\" width=\"310\" height=\"420\" src=\"https:\/\/cinemascotte.fr\/wp-content\/uploads\/2024\/02\/augure-2.jpg\" alt=\"\" class=\"wp-image-1801\" srcset=\"https:\/\/cinemascotte.fr\/wp-content\/uploads\/2024\/02\/augure-2.jpg 310w, https:\/\/cinemascotte.fr\/wp-content\/uploads\/2024\/02\/augure-2-221x300.jpg 221w, https:\/\/cinemascotte.fr\/wp-content\/uploads\/2024\/02\/augure-2-86x116.jpg 86w\" sizes=\"auto, (max-width: 310px) 85vw, 310px\" \/><\/a><figcaption class=\"wp-element-caption\"><strong>dimanche 24 mars \u00e0 21h00<\/strong><\/figcaption><\/figure>\n<\/div>\n<\/div>\n\n\n\n<figure class=\"wp-block-image size-full\"><img loading=\"lazy\" decoding=\"async\" width=\"703\" height=\"260\" src=\"https:\/\/cinemascotte.fr\/wp-content\/uploads\/2024\/02\/grille-horaire-v3.jpg\" alt=\"\" class=\"wp-image-1802\" srcset=\"https:\/\/cinemascotte.fr\/wp-content\/uploads\/2024\/02\/grille-horaire-v3.jpg 703w, https:\/\/cinemascotte.fr\/wp-content\/uploads\/2024\/02\/grille-horaire-v3-300x111.jpg 300w, https:\/\/cinemascotte.fr\/wp-content\/uploads\/2024\/02\/grille-horaire-v3-228x84.jpg 228w\" sizes=\"auto, (max-width: 709px) 85vw, (max-width: 909px) 67vw, (max-width: 984px) 61vw, (max-width: 1362px) 45vw, 600px\" \/><\/figure>\n","protected":false},"excerpt":{"rendered":"<p>Les films au programme<\/p>\n","protected":false},"author":3,"featured_media":0,"comment_status":"closed","ping_status":"closed","sticky":false,"template":"","format":"standard","meta":{"footnotes":""},"categories":[],"tags":[],"class_list":["post-1788","post","type-post","status-publish","format-standard","hentry"],"_links":{"self":[{"href":"https:\/\/cinemascotte.fr\/index.php?rest_route=\/wp\/v2\/posts\/1788","targetHints":{"allow":["GET"]}}],"collection":[{"href":"https:\/\/cinemascotte.fr\/index.php?rest_route=\/wp\/v2\/posts"}],"about":[{"href":"https:\/\/cinemascotte.fr\/index.php?rest_route=\/wp\/v2\/types\/post"}],"author":[{"embeddable":true,"href":"https:\/\/cinemascotte.fr\/index.php?rest_route=\/wp\/v2\/users\/3"}],"replies":[{"embeddable":true,"href":"https:\/\/cinemascotte.fr\/index.php?rest_route=%2Fwp%2Fv2%2Fcomments&post=1788"}],"version-history":[{"count":12,"href":"https:\/\/cinemascotte.fr\/index.php?rest_route=\/wp\/v2\/posts\/1788\/revisions"}],"predecessor-version":[{"id":1859,"href":"https:\/\/cinemascotte.fr\/index.php?rest_route=\/wp\/v2\/posts\/1788\/revisions\/1859"}],"wp:attachment":[{"href":"https:\/\/cinemascotte.fr\/index.php?rest_route=%2Fwp%2Fv2%2Fmedia&parent=1788"}],"wp:term":[{"taxonomy":"category","embeddable":true,"href":"https:\/\/cinemascotte.fr\/index.php?rest_route=%2Fwp%2Fv2%2Fcategories&post=1788"},{"taxonomy":"post_tag","embeddable":true,"href":"https:\/\/cinemascotte.fr\/index.php?rest_route=%2Fwp%2Fv2%2Ftags&post=1788"}],"curies":[{"name":"wp","href":"https:\/\/api.w.org\/{rel}","templated":true}]}}