{"id":1630,"date":"2023-12-03T16:31:03","date_gmt":"2023-12-03T15:31:03","guid":{"rendered":"https:\/\/cinemascotte.fr\/?p=1630"},"modified":"2023-12-03T16:41:58","modified_gmt":"2023-12-03T15:41:58","slug":"cine-concert","status":"publish","type":"post","link":"https:\/\/cinemascotte.fr\/?p=1630","title":{"rendered":"Cin\u00e9-concert"},"content":{"rendered":"\n<h1 class=\"wp-block-heading\">Contes et silhouettes<\/h1>\n\n\n\n<p class=\"has-text-color has-medium-font-size\" style=\"color:#1a00cc\"><strong>Dimanche 17 d\u00e9cembre 2023 \u00e0 15h00<\/strong><\/p>\n\n\n\n<p>de <strong>Lotte Reiniger<\/strong>, Grande Bretagne, 1954\/1955, film restaur\u00e9 et accompagn\u00e9 par <strong>Thomas Perrier<\/strong> (Synth\u00e9s) et <strong>Joris Lucchese<\/strong>(Batterie), un duo de musiciens de PIGMENTS CIN\u00c9 CONCERT qui proposent\u00a0une mise en couleur musicale des films muets du d\u00e9but du XXe si\u00e8cle.<\/p>\n\n\n\n<p>\u00e0 partir de 4 ans, dur\u00e9e&nbsp;: 42 min<\/p>\n\n\n<div class=\"wp-block-image\">\n<figure class=\"alignleft size-medium\"><img loading=\"lazy\" decoding=\"async\" width=\"243\" height=\"300\" src=\"https:\/\/cinemascotte.fr\/wp-content\/uploads\/2023\/11\/poucette-recadre-243x300.jpg\" alt=\"\" class=\"wp-image-1584\" srcset=\"https:\/\/cinemascotte.fr\/wp-content\/uploads\/2023\/11\/poucette-recadre-243x300.jpg 243w, https:\/\/cinemascotte.fr\/wp-content\/uploads\/2023\/11\/poucette-recadre-94x116.jpg 94w, https:\/\/cinemascotte.fr\/wp-content\/uploads\/2023\/11\/poucette-recadre.jpg 574w\" sizes=\"auto, (max-width: 243px) 85vw, 243px\" \/><\/figure>\n<\/div>\n\n\n<p class=\"has-drop-cap\">Programme de 4 courts m\u00e9trages d\u2019animation adapt\u00e9s de c\u00e9l\u00e8bres contes de Grimm, Perrault et Andersen : <\/p>\n\n\n\n<p><strong>Hansel et Gretel<\/strong> et <strong>Blanche-neige et Rose-Rouge<\/strong> d&rsquo;apr\u00e8s les fr\u00e8res Grimm,                                             <strong>La Belle au bois dormant<\/strong>, d&rsquo;apr\u00e8s un conte de Charles Perrault,                                                  <strong>Poucette<\/strong>, d\u2019apr\u00e8s un conte de Hans Christian Andersen<\/p>\n\n\n\n<p><\/p>\n\n\n\n<p class=\"has-text-color has-link-color wp-elements-a2c1872960938efae8bfea2dac2c631e\" style=\"color:#206999\"><em><strong>Lotte Reiniger<\/strong>, r\u00e9alisatrice allemande n\u00e9e en 1899, fut la pionni\u00e8re du film d&rsquo;animation, exp\u00e9rimentant des techniques pouss\u00e9es bien avant Walt Disney. Entre 1919 et 1926, ann\u00e9e de son premier long-m\u00e9trage, elle encha\u00eene les courts-m\u00e9trages, et ne se prive pas pour adapter les contes populaires les plus c\u00e9l\u00e8bres.<\/em><\/p>\n\n\n\n<p class=\"has-text-color has-link-color wp-elements-6475b946bbc05d46f5781e42d3ec830a\" style=\"color:#206999\"><em>Son exp\u00e9rience dans l\u2019art de la silhouette la conduit naturellement \u00e0 utiliser la technique de \u00ab l\u2019ombre chinoise \u00bb. Les silhouettes sont articul\u00e9es pour permettre le mouvement et film\u00e9es \u00e0 contre-jour, image par image. Les \u00e9l\u00e9ments du d\u00e9cor en premier plan sont \u00e9galement opaques. Seuls les fonds, constitu\u00e9s par des feuilles de calque d\u00e9coup\u00e9es et superpos\u00e9es pour obtenir diverses nuances de gris. Dans cette technique, la virtuosit\u00e9 de Lotte Reiniger demeurera in\u00e9gal\u00e9e.<\/em> <em>(Cin\u00e9-club de Caen)<\/em><\/p>\n\n\n\n<hr class=\"wp-block-separator has-alpha-channel-opacity\"\/>\n","protected":false},"excerpt":{"rendered":"<p>Contes et silhouettes Dimanche 17 d\u00e9cembre 2023 \u00e0 15h00 de Lotte Reiniger, Grande Bretagne, 1954\/1955, film restaur\u00e9 et accompagn\u00e9 par Thomas Perrier (Synth\u00e9s) et Joris Lucchese(Batterie), un duo de musiciens de PIGMENTS CIN\u00c9 CONCERT qui proposent\u00a0une mise en couleur musicale des films muets du d\u00e9but du XXe si\u00e8cle. \u00e0 partir de 4 ans, dur\u00e9e&nbsp;: 42 &hellip; <a href=\"https:\/\/cinemascotte.fr\/?p=1630\" class=\"more-link\">Continuer la lecture<span class=\"screen-reader-text\"> de &laquo;&nbsp;Cin\u00e9-concert&nbsp;&raquo;<\/span><\/a><\/p>\n","protected":false},"author":3,"featured_media":0,"comment_status":"closed","ping_status":"closed","sticky":false,"template":"","format":"standard","meta":{"footnotes":""},"categories":[12],"tags":[],"class_list":["post-1630","post","type-post","status-publish","format-standard","hentry","category-festival-du-film-danimation-2023"],"_links":{"self":[{"href":"https:\/\/cinemascotte.fr\/index.php?rest_route=\/wp\/v2\/posts\/1630","targetHints":{"allow":["GET"]}}],"collection":[{"href":"https:\/\/cinemascotte.fr\/index.php?rest_route=\/wp\/v2\/posts"}],"about":[{"href":"https:\/\/cinemascotte.fr\/index.php?rest_route=\/wp\/v2\/types\/post"}],"author":[{"embeddable":true,"href":"https:\/\/cinemascotte.fr\/index.php?rest_route=\/wp\/v2\/users\/3"}],"replies":[{"embeddable":true,"href":"https:\/\/cinemascotte.fr\/index.php?rest_route=%2Fwp%2Fv2%2Fcomments&post=1630"}],"version-history":[{"count":3,"href":"https:\/\/cinemascotte.fr\/index.php?rest_route=\/wp\/v2\/posts\/1630\/revisions"}],"predecessor-version":[{"id":1644,"href":"https:\/\/cinemascotte.fr\/index.php?rest_route=\/wp\/v2\/posts\/1630\/revisions\/1644"}],"wp:attachment":[{"href":"https:\/\/cinemascotte.fr\/index.php?rest_route=%2Fwp%2Fv2%2Fmedia&parent=1630"}],"wp:term":[{"taxonomy":"category","embeddable":true,"href":"https:\/\/cinemascotte.fr\/index.php?rest_route=%2Fwp%2Fv2%2Fcategories&post=1630"},{"taxonomy":"post_tag","embeddable":true,"href":"https:\/\/cinemascotte.fr\/index.php?rest_route=%2Fwp%2Fv2%2Ftags&post=1630"}],"curies":[{"name":"wp","href":"https:\/\/api.w.org\/{rel}","templated":true}]}}