{"id":1594,"date":"2023-12-03T16:48:41","date_gmt":"2023-12-03T15:48:41","guid":{"rendered":"https:\/\/cinemascotte.fr\/?p=1594"},"modified":"2023-12-03T16:48:41","modified_gmt":"2023-12-03T15:48:41","slug":"nayola","status":"publish","type":"post","link":"https:\/\/cinemascotte.fr\/?p=1594","title":{"rendered":"Nayola"},"content":{"rendered":"\n<p class=\"has-text-color has-medium-font-size\" style=\"color:#1a00cc\"><strong>Vendredi 15 d\u00e9cembre \u00e0 20h30 et dimanche 17  \u00e0 20h30<\/strong><\/p>\n\n\n\n<p>de <strong>Jos\u00e9 Miguel Ribeiro<\/strong>, drame, mars 2023, Portugal, Belgique, France, Pays-Bas<\/p>\n\n\n\n<p>Adultes, dur\u00e9e 1h30<\/p>\n\n\n\n<p class=\"has-text-align-center has-text-color\" style=\"color:#dd2b22\">Meilleur film d\u2019animation au Festival International du Film de Guadalajara 2022<\/p>\n\n\n<div class=\"wp-block-image\">\n<figure class=\"alignleft size-medium\"><img loading=\"lazy\" decoding=\"async\" width=\"202\" height=\"300\" src=\"https:\/\/cinemascotte.fr\/wp-content\/uploads\/2023\/11\/Nayola-2--202x300.jpg\" alt=\"\" class=\"wp-image-1583\" srcset=\"https:\/\/cinemascotte.fr\/wp-content\/uploads\/2023\/11\/Nayola-2--202x300.jpg 202w, https:\/\/cinemascotte.fr\/wp-content\/uploads\/2023\/11\/Nayola-2--78x116.jpg 78w, https:\/\/cinemascotte.fr\/wp-content\/uploads\/2023\/11\/Nayola-2-.jpg 300w\" sizes=\"auto, (max-width: 202px) 85vw, 202px\" \/><\/figure>\n<\/div>\n\n\n<p class=\"has-drop-cap\">Angola. Trois g\u00e9n\u00e9rations de femmes dans une guerre civile qui dure depuis 25 ans : Lelena (la grand-m\u00e8re), Nayola (la fille) et Yara (la petite-fille). Nayola part \u00e0 la recherche de son mari, qui a disparu au pire moment de la guerre. Des d\u00e9cennies plus tard, le pays est enfin en paix mais Nayola n\u2019est pas revenue. Une nuit, un intrus masqu\u00e9 fait irruption dans leur maison, arm\u00e9 d\u2019une machette. Une rencontre qu\u2019elles n\u2019auraient jamais pu imaginer\u2026<\/p>\n\n\n\n<h4 class=\"wp-block-heading has-text-color\" style=\"color:#1a00cc\">Notre avis<\/h4>\n\n\n\n<p class=\"has-text-color\" style=\"color:#1a00cc\"><em>Pass\u00e9, pr\u00e9sent, les \u00e9poques s\u2019entrelacent comme les rudes traits de pinceau de ce splendide film d\u2019animation pour adultes. Couleurs violentes, d\u2019une beaut\u00e9 presque aveuglante, et ombres magiques\u00a0: ce voyage au bout de l\u2019enfer, d\u2019un bord \u00e0 l\u2019autre du temps, m\u00eale la crudit\u00e9 du r\u00e9el aux sortil\u00e8ges du conte. Adapt\u00e9 d\u2019une pi\u00e8ce de th\u00e9\u00e2tre (A Caixa Preta, de Jos\u00e9 Eduardo Agualusa et Mia Couto), le r\u00e9cit se d\u00e9ploie comme un arbre g\u00e9ant \u00e0 la fois inqui\u00e9tant et majestueux, tel celui qui pousse dans l\u2019un des cauchemars de Nayola, enracin\u00e9 dans la mort, lanc\u00e9 vers le ciel et l\u2019avenir. Entre d\u00e9solation apocalyptique et moments d\u2019onirisme saisissant (o\u00f9 Nayola se retrouve par exemple myst\u00e9rieusement pendue \u00e0\u2026 la lune), le r\u00e9alisateur dresse ainsi la g\u00e9n\u00e9alogie d\u2019un trauma, et dessine avec une remarquable puissance d\u2019\u00e9vocation les portraits de trois g\u00e9n\u00e9rations au f\u00e9minin. Silhouettes tr\u00e8s stylis\u00e9es, visages \u00e0 la fois \u00e9pur\u00e9s et expressifs, ce trio est inoubliable, la pr\u00e9sence massive, douloureuse et tendre de la grand-m\u00e8re contrastant avec l\u2019\u00e9nergie gracile de ses descendantes. Les trois facettes d\u2019une humanit\u00e9 tourment\u00e9e et r\u00e9siliente. Des h\u00e9ro\u00efnes de chair et d\u2019art, au centre d\u2019une fresque \u00e0 la fois r\u00e9aliste et animiste, monumentale et bouleversante. (T\u00e9l\u00e9rama)<\/em><\/p>\n\n\n\n<hr class=\"wp-block-separator has-alpha-channel-opacity\"\/>\n","protected":false},"excerpt":{"rendered":"<p>Vendredi 15 d\u00e9cembre \u00e0 20h30 et dimanche 17 \u00e0 20h30 de Jos\u00e9 Miguel Ribeiro, drame, mars 2023, Portugal, Belgique, France, Pays-Bas Adultes, dur\u00e9e 1h30 Meilleur film d\u2019animation au Festival International du Film de Guadalajara 2022 Angola. Trois g\u00e9n\u00e9rations de femmes dans une guerre civile qui dure depuis 25 ans : Lelena (la grand-m\u00e8re), Nayola (la &hellip; <a href=\"https:\/\/cinemascotte.fr\/?p=1594\" class=\"more-link\">Continuer la lecture<span class=\"screen-reader-text\"> de &laquo;&nbsp;Nayola&nbsp;&raquo;<\/span><\/a><\/p>\n","protected":false},"author":3,"featured_media":0,"comment_status":"closed","ping_status":"closed","sticky":false,"template":"","format":"standard","meta":{"footnotes":""},"categories":[12],"tags":[],"class_list":["post-1594","post","type-post","status-publish","format-standard","hentry","category-festival-du-film-danimation-2023"],"_links":{"self":[{"href":"https:\/\/cinemascotte.fr\/index.php?rest_route=\/wp\/v2\/posts\/1594","targetHints":{"allow":["GET"]}}],"collection":[{"href":"https:\/\/cinemascotte.fr\/index.php?rest_route=\/wp\/v2\/posts"}],"about":[{"href":"https:\/\/cinemascotte.fr\/index.php?rest_route=\/wp\/v2\/types\/post"}],"author":[{"embeddable":true,"href":"https:\/\/cinemascotte.fr\/index.php?rest_route=\/wp\/v2\/users\/3"}],"replies":[{"embeddable":true,"href":"https:\/\/cinemascotte.fr\/index.php?rest_route=%2Fwp%2Fv2%2Fcomments&post=1594"}],"version-history":[{"count":2,"href":"https:\/\/cinemascotte.fr\/index.php?rest_route=\/wp\/v2\/posts\/1594\/revisions"}],"predecessor-version":[{"id":1646,"href":"https:\/\/cinemascotte.fr\/index.php?rest_route=\/wp\/v2\/posts\/1594\/revisions\/1646"}],"wp:attachment":[{"href":"https:\/\/cinemascotte.fr\/index.php?rest_route=%2Fwp%2Fv2%2Fmedia&parent=1594"}],"wp:term":[{"taxonomy":"category","embeddable":true,"href":"https:\/\/cinemascotte.fr\/index.php?rest_route=%2Fwp%2Fv2%2Fcategories&post=1594"},{"taxonomy":"post_tag","embeddable":true,"href":"https:\/\/cinemascotte.fr\/index.php?rest_route=%2Fwp%2Fv2%2Ftags&post=1594"}],"curies":[{"name":"wp","href":"https:\/\/api.w.org\/{rel}","templated":true}]}}