{"id":1592,"date":"2023-12-03T16:47:19","date_gmt":"2023-12-03T15:47:19","guid":{"rendered":"https:\/\/cinemascotte.fr\/?p=1592"},"modified":"2023-12-03T16:47:19","modified_gmt":"2023-12-03T15:47:19","slug":"la-sirene","status":"publish","type":"post","link":"https:\/\/cinemascotte.fr\/?p=1592","title":{"rendered":"La sir\u00e8ne"},"content":{"rendered":"\n<p class=\"has-text-color has-medium-font-size\" style=\"color:#1a00cc\"><strong>Mercredi 13 d\u00e9cembre \u00e0 18h00 et lundi 18 d\u00e9cembre  \u00e0 20h30<\/strong><\/p>\n\n\n\n<p>de <strong>Sepideh Farsi<\/strong>, film d\u2019animation, drame historique, 2023, 1h40<\/p>\n\n\n\n<p>\u00e0 partir de 6 ans<\/p>\n\n\n\n<p class=\"has-text-color\" style=\"color:#dd2b22\">Festival d\u2019Annecy 2023 : Comp\u00e9tition S\u00e9lection Officielle et prix de la meilleure musique originale &#8211; Prix de la meilleure r\u00e9alisatrice fran\u00e7aise aux Champs Elys\u00e9es Festival 2023 &#8211; Prix du public au festival d\u2019Umbria en Italie 20<strong>23<\/strong>.<\/p>\n\n\n<div class=\"wp-block-image\">\n<figure class=\"alignleft size-medium\"><img loading=\"lazy\" decoding=\"async\" width=\"240\" height=\"300\" src=\"https:\/\/cinemascotte.fr\/wp-content\/uploads\/2023\/11\/la-sirene-240x300.jpg\" alt=\"\" class=\"wp-image-1579\" srcset=\"https:\/\/cinemascotte.fr\/wp-content\/uploads\/2023\/11\/la-sirene-240x300.jpg 240w, https:\/\/cinemascotte.fr\/wp-content\/uploads\/2023\/11\/la-sirene-819x1024.jpg 819w, https:\/\/cinemascotte.fr\/wp-content\/uploads\/2023\/11\/la-sirene-768x960.jpg 768w, https:\/\/cinemascotte.fr\/wp-content\/uploads\/2023\/11\/la-sirene-93x116.jpg 93w, https:\/\/cinemascotte.fr\/wp-content\/uploads\/2023\/11\/la-sirene.jpg 1080w\" sizes=\"auto, (max-width: 240px) 85vw, 240px\" \/><\/figure>\n<\/div>\n\n\n<p>1980, dans le sud de l\u2019Iran. Les habitants d\u2019Abadan r\u00e9sistent au si\u00e8ge des Irakiens. Il y a l\u00e0 Omid, 14 ans, qui a d\u00e9cid\u00e9 de rester sur place chez son grand-p\u00e8re, en attendant le retour de son grand fr\u00e8re du front. Mais comment r\u00e9sister en temps de guerre sans prendre les armes ? Omid d\u00e9couvre alors un bateau abandonn\u00e9 dans le port d\u2019Abadan. Aurait-il enfin trouv\u00e9 le moyen de sauver ceux qu\u2019il aime ?<\/p>\n\n\n\n<h4 class=\"wp-block-heading has-text-color\" style=\"color:#1a00cc\">Notre avis<\/h4>\n\n\n\n<p class=\"has-text-color\" style=\"color:#1a00cc\"><em>En 1980, Sepideh Farsi a 15 ans quand l\u2019Irak envahit l\u2019Iran. Quarante ans plus tard et apr\u00e8s huit ans de travail, la cin\u00e9aste iranienne revient sur le si\u00e8ge d\u2019Abadan, un \u00e9pisode marquant du conflit, dans La Sir\u00e8ne, son premier film d\u2019animation.<\/em><\/p>\n\n\n\n<p class=\"has-text-color\" style=\"color:#1a00cc\"><em>\u00ab&nbsp;Les adolescents sont ceux qui ont \u00e9t\u00e9 les plus transform\u00e9s par la guerre. Ils sont pass\u00e9s de l\u2019enfance \u00e0 l\u2019\u00e2ge adulte d\u2019un seul coup et ont parfois d\u00fb partir se battre sur le front. Omid [ndlr : \u00ab espoir \u00bb en persan], est confront\u00e9 au choix corn\u00e9lien de rester \u00e0 Abadan et de r\u00e9sister alors que sa famille fuit la ville. J\u2019avais son \u00e2ge lorsque la guerre a \u00e9clat\u00e9. J\u2019ai choisi de le faire interpr\u00e9ter par une com\u00e9dienne et non par un com\u00e9dien pour insister sur le contraste entre son c\u00f4t\u00e9 juv\u00e9nile et la violence environnante&nbsp;\u00bb. (Sepideh Farsi, CNC)<\/em><\/p>\n\n\n\n<hr class=\"wp-block-separator has-alpha-channel-opacity\"\/>\n","protected":false},"excerpt":{"rendered":"<p>Mercredi 13 d\u00e9cembre \u00e0 18h00 et lundi 18 d\u00e9cembre \u00e0 20h30 de Sepideh Farsi, film d\u2019animation, drame historique, 2023, 1h40 \u00e0 partir de 6 ans Festival d\u2019Annecy 2023 : Comp\u00e9tition S\u00e9lection Officielle et prix de la meilleure musique originale &#8211; Prix de la meilleure r\u00e9alisatrice fran\u00e7aise aux Champs Elys\u00e9es Festival 2023 &#8211; Prix du public &hellip; <a href=\"https:\/\/cinemascotte.fr\/?p=1592\" class=\"more-link\">Continuer la lecture<span class=\"screen-reader-text\"> de &laquo;&nbsp;La sir\u00e8ne&nbsp;&raquo;<\/span><\/a><\/p>\n","protected":false},"author":3,"featured_media":0,"comment_status":"closed","ping_status":"closed","sticky":false,"template":"","format":"standard","meta":{"footnotes":""},"categories":[12],"tags":[],"class_list":["post-1592","post","type-post","status-publish","format-standard","hentry","category-festival-du-film-danimation-2023"],"_links":{"self":[{"href":"https:\/\/cinemascotte.fr\/index.php?rest_route=\/wp\/v2\/posts\/1592","targetHints":{"allow":["GET"]}}],"collection":[{"href":"https:\/\/cinemascotte.fr\/index.php?rest_route=\/wp\/v2\/posts"}],"about":[{"href":"https:\/\/cinemascotte.fr\/index.php?rest_route=\/wp\/v2\/types\/post"}],"author":[{"embeddable":true,"href":"https:\/\/cinemascotte.fr\/index.php?rest_route=\/wp\/v2\/users\/3"}],"replies":[{"embeddable":true,"href":"https:\/\/cinemascotte.fr\/index.php?rest_route=%2Fwp%2Fv2%2Fcomments&post=1592"}],"version-history":[{"count":3,"href":"https:\/\/cinemascotte.fr\/index.php?rest_route=\/wp\/v2\/posts\/1592\/revisions"}],"predecessor-version":[{"id":1626,"href":"https:\/\/cinemascotte.fr\/index.php?rest_route=\/wp\/v2\/posts\/1592\/revisions\/1626"}],"wp:attachment":[{"href":"https:\/\/cinemascotte.fr\/index.php?rest_route=%2Fwp%2Fv2%2Fmedia&parent=1592"}],"wp:term":[{"taxonomy":"category","embeddable":true,"href":"https:\/\/cinemascotte.fr\/index.php?rest_route=%2Fwp%2Fv2%2Fcategories&post=1592"},{"taxonomy":"post_tag","embeddable":true,"href":"https:\/\/cinemascotte.fr\/index.php?rest_route=%2Fwp%2Fv2%2Ftags&post=1592"}],"curies":[{"name":"wp","href":"https:\/\/api.w.org\/{rel}","templated":true}]}}