{"id":1340,"date":"2023-07-30T10:43:59","date_gmt":"2023-07-30T08:43:59","guid":{"rendered":"https:\/\/cinemascotte.fr\/?p=1340"},"modified":"2023-07-30T10:43:59","modified_gmt":"2023-07-30T08:43:59","slug":"sept-hivers-a-teheran","status":"publish","type":"post","link":"https:\/\/cinemascotte.fr\/?p=1340","title":{"rendered":"Sept hivers \u00e0 T\u00e9h\u00e9ran"},"content":{"rendered":"\n<p class=\"has-text-color has-medium-font-size\" style=\"color:#1a00cc\"><strong>Mercredi 27 septembre \u00e0 20h30 et dimanche 1er octobre \u00e0 18h00<\/strong><\/p>\n\n\n\n<p>de <strong>Steffi Niederzoll<\/strong>, documentaire, Allemagne\/France, 1h37<\/p>\n\n\n<div class=\"wp-block-image\">\n<figure class=\"alignleft size-full\"><img loading=\"lazy\" decoding=\"async\" width=\"193\" height=\"262\" src=\"https:\/\/cinemascotte.fr\/wp-content\/uploads\/2023\/07\/7-hivers.jpeg\" alt=\"\" class=\"wp-image-1301\" srcset=\"https:\/\/cinemascotte.fr\/wp-content\/uploads\/2023\/07\/7-hivers.jpeg 193w, https:\/\/cinemascotte.fr\/wp-content\/uploads\/2023\/07\/7-hivers-85x116.jpeg 85w\" sizes=\"auto, (max-width: 193px) 85vw, 193px\" \/><\/figure>\n<\/div>\n\n\n<p class=\"has-drop-cap\">En 2007 \u00e0 T\u00e9h\u00e9ran, Reyhaneh Jabbari, 19 ans, poignarde l\u2019homme sur le point de la violer. Elle est accus\u00e9e de meurtre et condamn\u00e9e \u00e0 mort. A partir d\u2019images film\u00e9es clandestinement, \u00ab\u00a0Sept hivers \u00e0 T\u00e9h\u00e9ran\u00a0\u00bb montre le combat de la famille pour tenter de sauver Reyhaneh, devenue symbole de la lutte pour les droits des femmes en Iran.<\/p>\n\n\n\n<h4 class=\"wp-block-heading has-text-color\" style=\"color:#197abb\">Notre avis<\/h4>\n\n\n\n<p class=\"has-text-color\" style=\"color:#197abb\"><em>\u00ab Le film est b\u00e2ti autour d\u2019enregistrements t\u00e9l\u00e9phoniques, de courtes vid\u00e9os mais aussi de courriers d\u00e9chirants de la condamn\u00e9e. Ce film d\u2019une intensit\u00e9 inou\u00efe, d\u00e9crypte \u00e0 travers ce r\u00e9cit intime et poignant l\u2019effroyable r\u00e9alit\u00e9 du syst\u00e8me juridique iranien, et r\u00e9sonne douloureusement avec le combat des femmes en Iran \u00bb. (T\u00e9l\u00e9rama)<br>\u00ab Sept hivers \u00e0 T\u00e9h\u00e9ran, aur\u00e9ol\u00e9 de deux prix \u00e0 la derni\u00e8re Berlinale, est une secousse. \u00c9motionnelle et politique \u00bb. (Premi\u00e8re)<\/em><\/p>\n\n\n\n<p class=\"has-text-color\" style=\"color:#165077\"><em>.<\/em><\/p>\n\n\n\n<p class=\"has-text-align-center\">__________<\/p>\n\n\n\n<p class=\"has-text-align-center has-text-color has-medium-font-size\" style=\"color:#1a00cc\"><a href=\"https:\/\/cinemascotte.fr\/?p=1347\">Mercredi 11 octobre \u00e0 20h30 et dimanche 15 octobre \u00e0 20h30<\/a><\/p>\n\n\n\n<p class=\"has-text-align-center has-medium-font-size\"><strong><a href=\"https:\/\/cinemascotte.fr\/?p=1347\">Les feuilles mortes<\/a><\/strong><\/p>\n\n\n<div class=\"wp-block-image\">\n<figure class=\"aligncenter size-medium\"><a href=\"https:\/\/cinemascotte.fr\/?p=1347\"><img loading=\"lazy\" decoding=\"async\" width=\"212\" height=\"300\" src=\"https:\/\/cinemascotte.fr\/wp-content\/uploads\/2023\/07\/les-feuilles-mortes-2-212x300.jpg\" alt=\"\" class=\"wp-image-1305\" srcset=\"https:\/\/cinemascotte.fr\/wp-content\/uploads\/2023\/07\/les-feuilles-mortes-2-212x300.jpg 212w, https:\/\/cinemascotte.fr\/wp-content\/uploads\/2023\/07\/les-feuilles-mortes-2-82x116.jpg 82w, https:\/\/cinemascotte.fr\/wp-content\/uploads\/2023\/07\/les-feuilles-mortes-2.jpg 453w\" sizes=\"auto, (max-width: 212px) 85vw, 212px\" \/><\/a><\/figure>\n<\/div>\n\n\n<p><\/p>\n\n\n\n<p><\/p>\n","protected":false},"excerpt":{"rendered":"<p>Mercredi 27 septembre \u00e0 20h30 et dimanche 1er octobre \u00e0 18h00 de Steffi Niederzoll, documentaire, Allemagne\/France, 1h37 En 2007 \u00e0 T\u00e9h\u00e9ran, Reyhaneh Jabbari, 19 ans, poignarde l\u2019homme sur le point de la violer. Elle est accus\u00e9e de meurtre et condamn\u00e9e \u00e0 mort. A partir d\u2019images film\u00e9es clandestinement, \u00ab\u00a0Sept hivers \u00e0 T\u00e9h\u00e9ran\u00a0\u00bb montre le combat de &hellip; <a href=\"https:\/\/cinemascotte.fr\/?p=1340\" class=\"more-link\">Continuer la lecture<span class=\"screen-reader-text\"> de &laquo;&nbsp;Sept hivers \u00e0 T\u00e9h\u00e9ran&nbsp;&raquo;<\/span><\/a><\/p>\n","protected":false},"author":3,"featured_media":0,"comment_status":"closed","ping_status":"closed","sticky":false,"template":"","format":"standard","meta":{"footnotes":""},"categories":[8],"tags":[],"class_list":["post-1340","post","type-post","status-publish","format-standard","hentry","category-programmation-bimensuelle"],"_links":{"self":[{"href":"https:\/\/cinemascotte.fr\/index.php?rest_route=\/wp\/v2\/posts\/1340","targetHints":{"allow":["GET"]}}],"collection":[{"href":"https:\/\/cinemascotte.fr\/index.php?rest_route=\/wp\/v2\/posts"}],"about":[{"href":"https:\/\/cinemascotte.fr\/index.php?rest_route=\/wp\/v2\/types\/post"}],"author":[{"embeddable":true,"href":"https:\/\/cinemascotte.fr\/index.php?rest_route=\/wp\/v2\/users\/3"}],"replies":[{"embeddable":true,"href":"https:\/\/cinemascotte.fr\/index.php?rest_route=%2Fwp%2Fv2%2Fcomments&post=1340"}],"version-history":[{"count":3,"href":"https:\/\/cinemascotte.fr\/index.php?rest_route=\/wp\/v2\/posts\/1340\/revisions"}],"predecessor-version":[{"id":1367,"href":"https:\/\/cinemascotte.fr\/index.php?rest_route=\/wp\/v2\/posts\/1340\/revisions\/1367"}],"wp:attachment":[{"href":"https:\/\/cinemascotte.fr\/index.php?rest_route=%2Fwp%2Fv2%2Fmedia&parent=1340"}],"wp:term":[{"taxonomy":"category","embeddable":true,"href":"https:\/\/cinemascotte.fr\/index.php?rest_route=%2Fwp%2Fv2%2Fcategories&post=1340"},{"taxonomy":"post_tag","embeddable":true,"href":"https:\/\/cinemascotte.fr\/index.php?rest_route=%2Fwp%2Fv2%2Ftags&post=1340"}],"curies":[{"name":"wp","href":"https:\/\/api.w.org\/{rel}","templated":true}]}}